{"id":634,"date":"2005-10-12T01:07:14","date_gmt":"2005-10-12T01:07:14","guid":{"rendered":"http:\/\/junjan.org\/wordpress\/?p=634"},"modified":"2005-10-12T01:07:14","modified_gmt":"2005-10-12T01:07:14","slug":"la_feria","status":"publish","type":"post","link":"https:\/\/junjan.org\/wordpress\/2005\/10\/la_feria\/","title":{"rendered":"La feria"},"content":{"rendered":"<p>Recuerdo esa cl\u00e1sica canci\u00f3n del verano:<\/p>\n<blockquote><p>\nEn el pueblo hay algo especial<br \/>\ntodo el mundo parece llegar<br \/>\nes la fiesta que va a comenzar<br \/>\natenci\u00f3n que el alcalde va a hablar.<br \/>\nSe\u00f1or cura le esperamos ya<br \/>\ncon el santo para desfilar<br \/>\neste a\u00f1o ser\u00e1 el mejor<br \/>\nsi Dios quiere y el santo patr\u00f3n<br \/>\n<br \/>\nA la feria no puedes faltar<br \/>\na la feria en la orilla del mar<br \/>\naunque tengas que ir con mam\u00e1<br \/>\nya podemos despu\u00e9s escapar<br \/>\ny nadar con la luna detr\u00e1s\n<\/p><\/blockquote>\n<p>No se por qu\u00e9 extra\u00f1a asociaci\u00f3n de ideas me ha venido a la mente cuando he visto el anuncio del ministerio de defensa con motivo del [\u00abD\u00eda de la fiesta nacional\u00bb:http:\/\/www.mde.es\/actualidad\/diaffaa\/diaffaa.htm]. Impagable la versi\u00f3n en euskera.<\/p>\n","protected":false},"excerpt":{"rendered":"<p>Recuerdo esa cl\u00e1sica canci\u00f3n del verano: En el pueblo hay algo especial todo el mundo parece llegar es la fiesta que va a comenzar atenci\u00f3n que el alcalde va a hablar. Se\u00f1or cura le esperamos ya con el santo para desfilar este a\u00f1o ser\u00e1 el mejor si Dios quiere y el santo patr\u00f3n A la&hellip;&nbsp;<a href=\"https:\/\/junjan.org\/wordpress\/2005\/10\/la_feria\/\" rel=\"bookmark\">Leer m\u00e1s &raquo;<span class=\"screen-reader-text\">La feria<\/span><\/a><\/p>\n","protected":false},"author":1,"featured_media":0,"comment_status":"open","ping_status":"open","sticky":false,"template":"","format":"standard","meta":{"neve_meta_sidebar":"","neve_meta_container":"","neve_meta_enable_content_width":"","neve_meta_content_width":0,"neve_meta_title_alignment":"","neve_meta_author_avatar":"","neve_post_elements_order":"","neve_meta_disable_header":"","neve_meta_disable_footer":"","neve_meta_disable_title":"","footnotes":""},"categories":[5],"tags":[],"class_list":["post-634","post","type-post","status-publish","format-standard","hentry","category-actualidad"],"_links":{"self":[{"href":"https:\/\/junjan.org\/wordpress\/wp-json\/wp\/v2\/posts\/634","targetHints":{"allow":["GET"]}}],"collection":[{"href":"https:\/\/junjan.org\/wordpress\/wp-json\/wp\/v2\/posts"}],"about":[{"href":"https:\/\/junjan.org\/wordpress\/wp-json\/wp\/v2\/types\/post"}],"author":[{"embeddable":true,"href":"https:\/\/junjan.org\/wordpress\/wp-json\/wp\/v2\/users\/1"}],"replies":[{"embeddable":true,"href":"https:\/\/junjan.org\/wordpress\/wp-json\/wp\/v2\/comments?post=634"}],"version-history":[{"count":0,"href":"https:\/\/junjan.org\/wordpress\/wp-json\/wp\/v2\/posts\/634\/revisions"}],"wp:attachment":[{"href":"https:\/\/junjan.org\/wordpress\/wp-json\/wp\/v2\/media?parent=634"}],"wp:term":[{"taxonomy":"category","embeddable":true,"href":"https:\/\/junjan.org\/wordpress\/wp-json\/wp\/v2\/categories?post=634"},{"taxonomy":"post_tag","embeddable":true,"href":"https:\/\/junjan.org\/wordpress\/wp-json\/wp\/v2\/tags?post=634"}],"curies":[{"name":"wp","href":"https:\/\/api.w.org\/{rel}","templated":true}]}}