{"id":638,"date":"2005-10-17T00:53:39","date_gmt":"2005-10-17T00:53:39","guid":{"rendered":"http:\/\/junjan.org\/wordpress\/?p=638"},"modified":"2005-10-17T00:53:39","modified_gmt":"2005-10-17T00:53:39","slug":"colombia_por_fin_una_condena","status":"publish","type":"post","link":"https:\/\/junjan.org\/wordpress\/2005\/10\/colombia_por_fin_una_condena\/","title":{"rendered":"Colombia, por fin una condena"},"content":{"rendered":"<p>La Corte Interamericana de Derechos Humanos condena al estado colombiano por uno de los millares de casos de connivencia con las fuerzas paramilitares. <em>Un grano no hace molino pero&#8230;<\/em><br \/>\n\u00abFIDH, Corte Interamericana de Derechos Humanos condena a Colombia por masacre de Mapirip\u00e1n\u00bb:http:\/\/www.fidh.org\/article.php3?id_article=2753<\/p>\n<blockquote><p>La Federaci\u00f3n Internacional de Derechos Humanos (FIDH) acoge con gran satisfacci\u00f3n la decisi\u00f3n de la Corte Interamericana de Derechos Humanos del 15 de septiembre, publicada el 11 de octubre, en la que se condena al Estado colombiano en el caso de la masacre de Mapirip\u00e1n (Meta), ocurrida entre el 15 y 20 de julio de 1997. La Corte condena la responsabilidad del Estado por colaboraci\u00f3n entre miembros del Ej\u00e9rcito colombiano y los paramilitares. La condena es por violaciones al derecho a la vida, la integridad personal, la libre circulaci\u00f3n, residencia y a la justicia.<br \/>\nCon esta decisi\u00f3n la Corte confirma la existencia de v\u00ednculos entre las Fuerzas Armadas colombianas y los grupos paramilitares, tal y como ha sido denunciado permanentemente por las ONG de Derechos Humanos colombianas e internacionales.\n<\/p><\/blockquote>\n","protected":false},"excerpt":{"rendered":"<p>La Corte Interamericana de Derechos Humanos condena al estado colombiano por uno de los millares de casos de connivencia con las fuerzas paramilitares. Un grano no hace molino pero&#8230; \u00abFIDH, Corte Interamericana de Derechos Humanos condena a Colombia por masacre de Mapirip\u00e1n\u00bb:http:\/\/www.fidh.org\/article.php3?id_article=2753 La Federaci\u00f3n Internacional de Derechos Humanos (FIDH) acoge con gran satisfacci\u00f3n la decisi\u00f3n&hellip;&nbsp;<a href=\"https:\/\/junjan.org\/wordpress\/2005\/10\/colombia_por_fin_una_condena\/\" rel=\"bookmark\">Leer m\u00e1s &raquo;<span class=\"screen-reader-text\">Colombia, por fin una condena<\/span><\/a><\/p>\n","protected":false},"author":1,"featured_media":0,"comment_status":"open","ping_status":"open","sticky":false,"template":"","format":"standard","meta":{"neve_meta_sidebar":"","neve_meta_container":"","neve_meta_enable_content_width":"","neve_meta_content_width":0,"neve_meta_title_alignment":"","neve_meta_author_avatar":"","neve_post_elements_order":"","neve_meta_disable_header":"","neve_meta_disable_footer":"","neve_meta_disable_title":"","footnotes":""},"categories":[81],"tags":[],"class_list":["post-638","post","type-post","status-publish","format-standard","hentry","category-revista-de-prensa"],"_links":{"self":[{"href":"https:\/\/junjan.org\/wordpress\/wp-json\/wp\/v2\/posts\/638","targetHints":{"allow":["GET"]}}],"collection":[{"href":"https:\/\/junjan.org\/wordpress\/wp-json\/wp\/v2\/posts"}],"about":[{"href":"https:\/\/junjan.org\/wordpress\/wp-json\/wp\/v2\/types\/post"}],"author":[{"embeddable":true,"href":"https:\/\/junjan.org\/wordpress\/wp-json\/wp\/v2\/users\/1"}],"replies":[{"embeddable":true,"href":"https:\/\/junjan.org\/wordpress\/wp-json\/wp\/v2\/comments?post=638"}],"version-history":[{"count":0,"href":"https:\/\/junjan.org\/wordpress\/wp-json\/wp\/v2\/posts\/638\/revisions"}],"wp:attachment":[{"href":"https:\/\/junjan.org\/wordpress\/wp-json\/wp\/v2\/media?parent=638"}],"wp:term":[{"taxonomy":"category","embeddable":true,"href":"https:\/\/junjan.org\/wordpress\/wp-json\/wp\/v2\/categories?post=638"},{"taxonomy":"post_tag","embeddable":true,"href":"https:\/\/junjan.org\/wordpress\/wp-json\/wp\/v2\/tags?post=638"}],"curies":[{"name":"wp","href":"https:\/\/api.w.org\/{rel}","templated":true}]}}