{"id":639,"date":"2005-10-18T19:32:40","date_gmt":"2005-10-18T19:32:40","guid":{"rendered":"http:\/\/junjan.org\/wordpress\/?p=639"},"modified":"2011-06-18T20:14:53","modified_gmt":"2011-06-18T18:14:53","slug":"idiotas_sin_butifarra","status":"publish","type":"post","link":"https:\/\/junjan.org\/wordpress\/2005\/10\/idiotas_sin_butifarra\/","title":{"rendered":"Idiotas sin butifarra"},"content":{"rendered":"<p>Hoy me ha llegado un correo electr\u00f3nico en cadena sobre la campa\u00f1a en pro de hacer un boicot generalizado a todo tipo de productos catalanes. Supuestamente el boicot es en respuesta a la propuesta de Estatuto de Catalu\u00f1a. Como lo oyen, en la l\u00ednea de las \u00ab<a href=\"http:\/\/en.wikipedia.org\/wiki\/Freedom_Fries\" target=\"_blank\">freedom frie<\/a>s\u00bb, boicot preventivo para idiotas.<br \/>\nLos iniciadores de esta campa\u00f1a tienen su n\u00facleo en una p\u00e1gina web llamada \u00ab<a href=\"http:\/\/www.hasta-los-huevos.com\/\" target=\"_blank\">Hasta los huevos<\/a>\u00ab, c\u00famulo de desprop\u00f3sitos que supuestamente se dedica a:<\/p>\n<blockquote><p>Y de eso va esta p\u00e1gina, de denuncia e informaci\u00f3n. Aqu\u00ed las cosas se van a decir tan claras que hasta los progres podr\u00e1n entenderlas, sin tapujos y con la verdad por delante. Porque ya est\u00e1 bien de que los que m\u00e1s libertad de expresi\u00f3n tienen, sean los que m\u00e1s se quejan de su ausencia, y con ello, los que m\u00e1s la coartan a los dem\u00e1s.<\/p><\/blockquote>\n<p>Como por ejemplo dos p\u00e1rrafos m\u00e1s adelante donde nos desvelan su concepto de informaci\u00f3n y denuncia:<\/p>\n<blockquote><p>Las circunstancias y las investigaciones de los \u00faltimos meses realizadas por el diario El Mundo nos obligan a rectificar algunas de las afirmaciones realizadas m\u00e1s arriba. Ya no creemos que los atentados se debieran a terroristas isl\u00e1micos. De hecho, desde hace tiempo decidimos llamarlos simplemente terroristas marroqu\u00edes. Pero \u00faltimamente las sospechas se orientan m\u00e1s a que alguien en el PSOE estaba detr\u00e1s de los atentados, en conjunci\u00f3n con los servicios secretos marroqu\u00edes. Cada vez estamos m\u00e1s convencidos que lo del 11 de marzo no fue simplemente el mayor atentado terrorista de la historia de Europa, sino el primer Golpe de Estado del siglo XXI.<br \/>\nPor ello, seguiremos luchando para que la verdad salga a la luz. Para ello, no pararemos hasta que se haga justicia con lo que en el extranjero han bautizado como el caso Terrorgate. Polanco nos tendr\u00e1 que matar para callarnos.<\/p><\/blockquote>\n<p>Lo que hay que leer. \u00bfSe creer\u00e1n realmente todas las bobadas que escriben?<\/p>\n","protected":false},"excerpt":{"rendered":"<p>Hoy me ha llegado un correo electr\u00f3nico en cadena sobre la campa\u00f1a en pro de hacer un boicot generalizado a todo tipo de productos catalanes. Supuestamente el boicot es en respuesta a la propuesta de Estatuto de Catalu\u00f1a. Como lo oyen, en la l\u00ednea de las \u00abfreedom fries\u00bb, boicot preventivo para idiotas. Los iniciadores de&hellip;&nbsp;<a href=\"https:\/\/junjan.org\/wordpress\/2005\/10\/idiotas_sin_butifarra\/\" rel=\"bookmark\">Leer m\u00e1s &raquo;<span class=\"screen-reader-text\">Idiotas sin butifarra<\/span><\/a><\/p>\n","protected":false},"author":1,"featured_media":0,"comment_status":"open","ping_status":"open","sticky":false,"template":"","format":"standard","meta":{"neve_meta_sidebar":"","neve_meta_container":"","neve_meta_enable_content_width":"","neve_meta_content_width":0,"neve_meta_title_alignment":"","neve_meta_author_avatar":"","neve_post_elements_order":"","neve_meta_disable_header":"","neve_meta_disable_footer":"","neve_meta_disable_title":"","footnotes":""},"categories":[30],"tags":[36,95],"class_list":["post-639","post","type-post","status-publish","format-standard","hentry","category-internet","tag-11m","tag-estatut"],"_links":{"self":[{"href":"https:\/\/junjan.org\/wordpress\/wp-json\/wp\/v2\/posts\/639","targetHints":{"allow":["GET"]}}],"collection":[{"href":"https:\/\/junjan.org\/wordpress\/wp-json\/wp\/v2\/posts"}],"about":[{"href":"https:\/\/junjan.org\/wordpress\/wp-json\/wp\/v2\/types\/post"}],"author":[{"embeddable":true,"href":"https:\/\/junjan.org\/wordpress\/wp-json\/wp\/v2\/users\/1"}],"replies":[{"embeddable":true,"href":"https:\/\/junjan.org\/wordpress\/wp-json\/wp\/v2\/comments?post=639"}],"version-history":[{"count":2,"href":"https:\/\/junjan.org\/wordpress\/wp-json\/wp\/v2\/posts\/639\/revisions"}],"predecessor-version":[{"id":1520,"href":"https:\/\/junjan.org\/wordpress\/wp-json\/wp\/v2\/posts\/639\/revisions\/1520"}],"wp:attachment":[{"href":"https:\/\/junjan.org\/wordpress\/wp-json\/wp\/v2\/media?parent=639"}],"wp:term":[{"taxonomy":"category","embeddable":true,"href":"https:\/\/junjan.org\/wordpress\/wp-json\/wp\/v2\/categories?post=639"},{"taxonomy":"post_tag","embeddable":true,"href":"https:\/\/junjan.org\/wordpress\/wp-json\/wp\/v2\/tags?post=639"}],"curies":[{"name":"wp","href":"https:\/\/api.w.org\/{rel}","templated":true}]}}