{"id":643,"date":"2005-10-19T18:46:10","date_gmt":"2005-10-19T18:46:10","guid":{"rendered":"http:\/\/junjan.org\/wordpress\/?p=643"},"modified":"2005-10-19T18:46:10","modified_gmt":"2005-10-19T18:46:10","slug":"busca_y_captura","status":"publish","type":"post","link":"https:\/\/junjan.org\/wordpress\/2005\/10\/busca_y_captura\/","title":{"rendered":"Busca y Captura"},"content":{"rendered":"<p>La orden de b\u00fasqueda y captura internacional que el juez de la Audiencia Nacional espa\u00f1ola, Santiago Pedraz, ha dictado hoy contra tres militares estadounidenses involucrados en el ataque del 8 de abril de 2003 al \u00abhotel Palestina\u00bb <em>(recordar que en el ataque al citado hotel de Bagdad murieron los periodistas Jos\u00e9 Couso y Taras Protsyuk)<\/em> ha levantado una considerable inter\u00e9s en los medios internacionales y gran revuelo en muchos blogs americanos.<br \/>\nNo creo que vaya a tener ning\u00fan \u00e9xito legal, pero ciertamente est\u00e1 teniendo mucho \u00e9xito subiendo el colesterol de los americanos m\u00e1s conservadores.<br \/>\nVer:<br \/>\n&#8211; BBCNews: \u00abSpain orders arrest of US troops\u00bb:http:\/\/news.bbc.co.uk\/2\/hi\/middle_east\/4357684.stm<br \/>\n&#8211; CNN: \u00abSpain seeks arrest of U.S. soldiers\u00bb:http:\/\/www.cnn.com\/2005\/LAW\/10\/19\/spain.warrant\/<br \/>\n&#8211;  International Extradition Blog: \u00abExtradition to Spain\u2014US Soldiers\u00bb:http:\/\/www.internationalextraditionblog.com\/2005\/10\/extradition-to-spainus-soldiers.html<br \/>\n&#8211; Mark in Mexico Blog: \u00abBecoming weary of the Spanish, too\u00bb:http:\/\/markinmexico.blogspot.com\/2005\/10\/becoming-weary-of-spanish-too.html<\/p>\n<blockquote><p>An obviously machoed-out Spanish judge who has been attending too many bullfights and watching too many Zorro movies has issued \u00abinternational\u00bb arrest warrants for three American soldiers, Sgt. Shawn Gibson, Capt. Philip Wolford and Lt. Col. Philip de Camp, U.S. 3rd Infantry, whose tank fired on a Baghdad hotel, killing a Spanish journalist and another person. The testosterone laden judge says that American judicial lack of cooperation forced his hand. Oh, really? Judge Santiago Pedraz fails to see the big picture here. It is not a lack of cooperation from U.S. judicial authorities. It&#8217;s a \u00abWho the hell are you?\u00bb reaction to a, well, \u00abWho the hell is he and why do we care what the Spanish want?\u00bb scenario. The very term, \u00ablack of cooperation\u00bb intimates that the U.S. should, in fact, be cooperating. Why, pray tell, should that be?<br \/>\nOne of these days some nitwit in Spain or Belgium or France or Germany is going to arrest an American war veteran or politician in one of their countries while on holiday with his or her family and all hell is going to break loose. These cowardly people seem to think that they can act with impunity against America and her citizens who, after all, have protected Europe and its incompetent and irrelevant countries for almost a century, first from one another and then from the Soviet slimeballs.<\/p><\/blockquote>\n<p>&#8211; The Indepundit: \u00abGIs Wanted in Spain\u00bb:http:\/\/www.indepundit.com\/archive2\/2005\/10\/gis_wanted_in_s_1.html<\/p>\n<blockquote><p>The U.S. military does not intentionally target journalists. But there is no guarantee that they won&#8217;t get caught in a crossfire, or that a camera crew won&#8217;t be mistaken for a forward artillery spotter.<br \/>\nWhen this happens, it is a tragedy &#8212; but it is not a crime.<br \/>\nThese soldiers will never appear in your courtroom. Issuing arrest warrants will not relieve the pain of the victim&#8217;s family. To the contrary, the only thing you will accomplish is to chill relations between Spain and the United States of America.<br \/>\nWe remain hopeful that this is not your objective. <\/p><\/blockquote>\n<p>&#8211; The Jawa Report: \u00abSpanish Judge Has a Don Quixote Moment\u00bb:http:\/\/mypetjawa.mu.nu\/archives\/127397.php<\/p>\n<blockquote><p>Any doubt why President Bush has-quite rightfully-rejected the International Criminal Court?<\/p><\/blockquote>\n","protected":false},"excerpt":{"rendered":"<p>La orden de b\u00fasqueda y captura internacional que el juez de la Audiencia Nacional espa\u00f1ola, Santiago Pedraz, ha dictado hoy contra tres militares estadounidenses involucrados en el ataque del 8 de abril de 2003 al \u00abhotel Palestina\u00bb (recordar que en el ataque al citado hotel de Bagdad murieron los periodistas Jos\u00e9 Couso y Taras Protsyuk)&hellip;&nbsp;<a href=\"https:\/\/junjan.org\/wordpress\/2005\/10\/busca_y_captura\/\" rel=\"bookmark\">Leer m\u00e1s &raquo;<span class=\"screen-reader-text\">Busca y Captura<\/span><\/a><\/p>\n","protected":false},"author":1,"featured_media":0,"comment_status":"open","ping_status":"open","sticky":false,"template":"","format":"standard","meta":{"neve_meta_sidebar":"","neve_meta_container":"","neve_meta_enable_content_width":"","neve_meta_content_width":0,"neve_meta_title_alignment":"","neve_meta_author_avatar":"","neve_post_elements_order":"","neve_meta_disable_header":"","neve_meta_disable_footer":"","neve_meta_disable_title":"","footnotes":""},"categories":[5],"tags":[],"class_list":["post-643","post","type-post","status-publish","format-standard","hentry","category-actualidad"],"_links":{"self":[{"href":"https:\/\/junjan.org\/wordpress\/wp-json\/wp\/v2\/posts\/643","targetHints":{"allow":["GET"]}}],"collection":[{"href":"https:\/\/junjan.org\/wordpress\/wp-json\/wp\/v2\/posts"}],"about":[{"href":"https:\/\/junjan.org\/wordpress\/wp-json\/wp\/v2\/types\/post"}],"author":[{"embeddable":true,"href":"https:\/\/junjan.org\/wordpress\/wp-json\/wp\/v2\/users\/1"}],"replies":[{"embeddable":true,"href":"https:\/\/junjan.org\/wordpress\/wp-json\/wp\/v2\/comments?post=643"}],"version-history":[{"count":0,"href":"https:\/\/junjan.org\/wordpress\/wp-json\/wp\/v2\/posts\/643\/revisions"}],"wp:attachment":[{"href":"https:\/\/junjan.org\/wordpress\/wp-json\/wp\/v2\/media?parent=643"}],"wp:term":[{"taxonomy":"category","embeddable":true,"href":"https:\/\/junjan.org\/wordpress\/wp-json\/wp\/v2\/categories?post=643"},{"taxonomy":"post_tag","embeddable":true,"href":"https:\/\/junjan.org\/wordpress\/wp-json\/wp\/v2\/tags?post=643"}],"curies":[{"name":"wp","href":"https:\/\/api.w.org\/{rel}","templated":true}]}}