{"id":644,"date":"2005-10-20T21:09:17","date_gmt":"2005-10-20T21:09:17","guid":{"rendered":"http:\/\/junjan.org\/wordpress\/?p=644"},"modified":"2005-10-20T21:09:17","modified_gmt":"2005-10-20T21:09:17","slug":"a_vueltas_con_carrillo","status":"publish","type":"post","link":"https:\/\/junjan.org\/wordpress\/2005\/10\/a_vueltas_con_carrillo\/","title":{"rendered":"A vueltas con Carrillo"},"content":{"rendered":"<p>Y otra vez a vueltas con Carrillo y Paracuellos. Y luego dir\u00e1n que si la concordia de la derecha y el \u00abodio\u00bb de la izquierda. Siguiendo [\u00abla estela de siempre\u00bb:http:\/\/www.libertaddigital.com\/opiniones\/opi_desa_27621.html], qu\u00e9 cansinos y qu\u00e9 pesados, siempre con las mismas diatribas y siempre usando \u00ablas mismas e inmensas\u00bb:http:\/\/www.causageneral.com\/enlaces.htm fuentes bibliogr\u00e1ficas.<br \/>\n\u00abUnos\u00bb:http:\/\/www.desdeelexilio.com\/2005\/10\/20\/carta-al-rector-de-la-autonoma-de-madrid\/ se escudan en el libro Paracuellos-Katyn de C\u00e9sar Vidal, controvertida \u00abobra\u00bb que otros historiadores han acusado de estar llena de falsedades e inexactitudes. [Ver [\u00abIan Gibson sobre Cesar Vidal\u00bb:http:\/\/www.junjan.org\/weblog\/archives\/2005\/10\/12\/ian_gibson_sobre_cesar_vidal.html]]. [\u00abOtros\u00bb:http:\/\/nauscopio.coolfreepages.com\/nauscopio_old_z\/nauscopio_zD.htm#CARRILLO], directamente dan por buena la mism\u00edsima \u00abCausa General\u00bb:http:\/\/www.causageneral.com\/ del gobierno franquista \u00a1oiga! Esto ya es <em>\u00abpara mear y no echar gota\u00bb<\/em> como dir\u00eda mi padre. \u00bfSe habr\u00e1n leido al menos el pr\u00f3logo de tama\u00f1o panfleto propagandista franquista y falangista por todos los poros? Para muestra:<\/p>\n<blockquote><p>Pues bien; ahora, cuando las voces de iniciativa propia se han adormecido tras la ronquera de los momentos primeros; ahora, cuando el generoso coraz\u00f3n de nuestro Caudillo ha dado las m\u00e1s prudentes muestras de su magnanimidad, haci\u00e9ndolas compatibles con el irrenunciable esp\u00edritu de justicia que hubiera sido cobard\u00eda desconocer; ahora, en el momento en que el Estado nuevo colma los anhelos de equidad y supera las dificultades tremendas de una etapa tormentosa, lanza a la publicidad su pieza fiscal en relaci\u00f3n con nuestra guerra fratricida y la ominosa \u00e9poca que la precedi\u00f3. Ante la conciencia nacional, aletargada por el bienestar de una paz milagrosa, que s\u00f3lo debe a Dios y al Caudillo, sit\u00faa de nuevo la visi\u00f3n apocal\u00edptica de tantos h\u00e9roes condenados al suplicio cruento, y de las masas enfebrecidas por la ola de crimen y de sangre que abri\u00f3 el marxismo y sus aliados. No queremos destacar un solo nombre de los que cayeron, ni siquiera el de aqu\u00e9l que con m\u00e1s claridad que nadie avizor\u00f3 el amanecer de la Espa\u00f1a triunfante. Anhelamos que sobre todos los m\u00e1rtires benditos de la Cruzada campee el mismo profundo rezo del alma espa\u00f1ola, encendida en el m\u00e1s puro fervor religioso y patri\u00f3tico.<\/p><\/blockquote>\n<p>\u00bfEs que vamos a acabar sacando las memorias manuscritas de Franco como prueba? Qu\u00e9 triste&#8230; Y todo ello en un pa\u00eds que todav\u00eda no ha querido (o podido) hacer un \u00abjuicio hist\u00f3rico\u00bb:http:\/\/www.junjan.org\/weblog\/archives\/2005\/02\/25\/juicio_histrico.html al franquismo. Parece que muchos consideran que cuarenta a\u00f1os no fueron suficientes&#8230;.<br \/>\nNo tengo palabras, me quedo con las palabras de [\u00abJuan Varela\u00bb:http:\/\/periodistas21.blogspot.com\/2005\/10\/el-ataque-del-guerracivilismo.html]:<\/p>\n<blockquote><p>Volvemos al incivilismo guerracivilista por la tozudez de algunos y su rencor. No ser\u00e9 yo quien defienda al Carrillo de la Guerra Civil, pero durante mucho tiempo (ahora menos, porque han ido muriendo) nos cruz\u00e1bamos con asesinos y carceleros de uno y otro bando en la calle.<br \/>\nEs la ley del olvido. Dolorosa para muchos, pero la \u00fanica forma de superar traumas y dictaduras, como sabemos nosotros y otros pa\u00edses. Carrillo purg\u00f3 parte (porque nunca los que matan o lo ordenan la pagan entera) de su culpa con su papel en las postrimer\u00edas de la dictadura franquista y la Transici\u00f3n.<br \/>\nQuienes quieran acusar, que acusen. Quienes no quieran olvidar, que recuerden, pero nadie tiene derecho, nadie, a volver a traer tanto odio, semilla de violencia y sangre a esta tierra. No en mi nombre.<\/p><\/blockquote>\n<p>Ni en el m\u00edo.<\/p>\n","protected":false},"excerpt":{"rendered":"<p>Y otra vez a vueltas con Carrillo y Paracuellos. Y luego dir\u00e1n que si la concordia de la derecha y el \u00abodio\u00bb de la izquierda. Siguiendo [\u00abla estela de siempre\u00bb:http:\/\/www.libertaddigital.com\/opiniones\/opi_desa_27621.html], qu\u00e9 cansinos y qu\u00e9 pesados, siempre con las mismas diatribas y siempre usando \u00ablas mismas e inmensas\u00bb:http:\/\/www.causageneral.com\/enlaces.htm fuentes bibliogr\u00e1ficas. \u00abUnos\u00bb:http:\/\/www.desdeelexilio.com\/2005\/10\/20\/carta-al-rector-de-la-autonoma-de-madrid\/ se escudan en el libro&hellip;&nbsp;<a href=\"https:\/\/junjan.org\/wordpress\/2005\/10\/a_vueltas_con_carrillo\/\" rel=\"bookmark\">Leer m\u00e1s &raquo;<span class=\"screen-reader-text\">A vueltas con Carrillo<\/span><\/a><\/p>\n","protected":false},"author":1,"featured_media":0,"comment_status":"open","ping_status":"open","sticky":false,"template":"","format":"standard","meta":{"neve_meta_sidebar":"","neve_meta_container":"","neve_meta_enable_content_width":"","neve_meta_content_width":0,"neve_meta_title_alignment":"","neve_meta_author_avatar":"","neve_post_elements_order":"","neve_meta_disable_header":"","neve_meta_disable_footer":"","neve_meta_disable_title":"","footnotes":""},"categories":[5],"tags":[],"class_list":["post-644","post","type-post","status-publish","format-standard","hentry","category-actualidad"],"_links":{"self":[{"href":"https:\/\/junjan.org\/wordpress\/wp-json\/wp\/v2\/posts\/644","targetHints":{"allow":["GET"]}}],"collection":[{"href":"https:\/\/junjan.org\/wordpress\/wp-json\/wp\/v2\/posts"}],"about":[{"href":"https:\/\/junjan.org\/wordpress\/wp-json\/wp\/v2\/types\/post"}],"author":[{"embeddable":true,"href":"https:\/\/junjan.org\/wordpress\/wp-json\/wp\/v2\/users\/1"}],"replies":[{"embeddable":true,"href":"https:\/\/junjan.org\/wordpress\/wp-json\/wp\/v2\/comments?post=644"}],"version-history":[{"count":0,"href":"https:\/\/junjan.org\/wordpress\/wp-json\/wp\/v2\/posts\/644\/revisions"}],"wp:attachment":[{"href":"https:\/\/junjan.org\/wordpress\/wp-json\/wp\/v2\/media?parent=644"}],"wp:term":[{"taxonomy":"category","embeddable":true,"href":"https:\/\/junjan.org\/wordpress\/wp-json\/wp\/v2\/categories?post=644"},{"taxonomy":"post_tag","embeddable":true,"href":"https:\/\/junjan.org\/wordpress\/wp-json\/wp\/v2\/tags?post=644"}],"curies":[{"name":"wp","href":"https:\/\/api.w.org\/{rel}","templated":true}]}}