{"id":649,"date":"2005-10-28T08:54:45","date_gmt":"2005-10-28T08:54:45","guid":{"rendered":"http:\/\/junjan.org\/wordpress\/?p=649"},"modified":"2005-10-28T08:54:45","modified_gmt":"2005-10-28T08:54:45","slug":"espritu_liberal","status":"publish","type":"post","link":"https:\/\/junjan.org\/wordpress\/2005\/10\/espritu_liberal\/","title":{"rendered":"Esp\u00edritu liberal"},"content":{"rendered":"<blockquote><p>\u00abMuchos m\u00e9ritos tiene que tener una persona, aunque en este caso a m\u00ed se me escapan, para que se le d\u00e9 una calle en Madrid; y m\u00e1s a\u00fan cuando esa persona se ha caracterizado por defender todos los totalitarismos del siglo XX, incluidos los m\u00e1s genocidas\u00bb<\/p><\/blockquote>\n<p><strong>Esperanza Aguirre<\/strong>, Presidenta de la comunidad aut\u00f3noma de Madrid, en referencia al recientemente fallecido <em>Eduardo Haro Tecglen<\/em>.<br \/>\n<\/p>\n<div style=\"text-align: center;\">\n<img loading=\"lazy\" decoding=\"async\" alt=\"todavia_franco.jpg\" src=\"http:\/\/www.junjan.org\/weblog\/images\/todavia_franco.jpg\" width=\"250\" height=\"203\" title=\"Monumentos dedicados a genocidas en Madrid\" border=\"1\" \/>\n<\/div>\n","protected":false},"excerpt":{"rendered":"<p>\u00abMuchos m\u00e9ritos tiene que tener una persona, aunque en este caso a m\u00ed se me escapan, para que se le d\u00e9 una calle en Madrid; y m\u00e1s a\u00fan cuando esa persona se ha caracterizado por defender todos los totalitarismos del siglo XX, incluidos los m\u00e1s genocidas\u00bb Esperanza Aguirre, Presidenta de la comunidad aut\u00f3noma de Madrid,&hellip;&nbsp;<a href=\"https:\/\/junjan.org\/wordpress\/2005\/10\/espritu_liberal\/\" rel=\"bookmark\">Leer m\u00e1s &raquo;<span class=\"screen-reader-text\">Esp\u00edritu liberal<\/span><\/a><\/p>\n","protected":false},"author":1,"featured_media":0,"comment_status":"open","ping_status":"open","sticky":false,"template":"","format":"standard","meta":{"neve_meta_sidebar":"","neve_meta_container":"","neve_meta_enable_content_width":"","neve_meta_content_width":0,"neve_meta_title_alignment":"","neve_meta_author_avatar":"","neve_post_elements_order":"","neve_meta_disable_header":"","neve_meta_disable_footer":"","neve_meta_disable_title":"","footnotes":""},"categories":[32],"tags":[99],"class_list":["post-649","post","type-post","status-publish","format-standard","hentry","category-frases","tag-aguirre-pp-liberal-franco"],"_links":{"self":[{"href":"https:\/\/junjan.org\/wordpress\/wp-json\/wp\/v2\/posts\/649","targetHints":{"allow":["GET"]}}],"collection":[{"href":"https:\/\/junjan.org\/wordpress\/wp-json\/wp\/v2\/posts"}],"about":[{"href":"https:\/\/junjan.org\/wordpress\/wp-json\/wp\/v2\/types\/post"}],"author":[{"embeddable":true,"href":"https:\/\/junjan.org\/wordpress\/wp-json\/wp\/v2\/users\/1"}],"replies":[{"embeddable":true,"href":"https:\/\/junjan.org\/wordpress\/wp-json\/wp\/v2\/comments?post=649"}],"version-history":[{"count":0,"href":"https:\/\/junjan.org\/wordpress\/wp-json\/wp\/v2\/posts\/649\/revisions"}],"wp:attachment":[{"href":"https:\/\/junjan.org\/wordpress\/wp-json\/wp\/v2\/media?parent=649"}],"wp:term":[{"taxonomy":"category","embeddable":true,"href":"https:\/\/junjan.org\/wordpress\/wp-json\/wp\/v2\/categories?post=649"},{"taxonomy":"post_tag","embeddable":true,"href":"https:\/\/junjan.org\/wordpress\/wp-json\/wp\/v2\/tags?post=649"}],"curies":[{"name":"wp","href":"https:\/\/api.w.org\/{rel}","templated":true}]}}