{"id":655,"date":"2005-11-03T20:52:42","date_gmt":"2005-11-03T20:52:42","guid":{"rendered":"http:\/\/junjan.org\/wordpress\/?p=655"},"modified":"2005-11-03T20:52:42","modified_gmt":"2005-11-03T20:52:42","slug":"la_parte_contratante_de_la_primera_parte","status":"publish","type":"post","link":"https:\/\/junjan.org\/wordpress\/2005\/11\/la_parte_contratante_de_la_primera_parte\/","title":{"rendered":"La parte contratante de la primera parte"},"content":{"rendered":"<p>O el mareo que da tanta discusi\u00f3n que se muerde la cola&#8230;<br \/>\nDice Rajoy:<\/p>\n<blockquote><p>\u00abEl pueblo espa\u00f1ol no es soberano porque lo diga la Constituci\u00f3n. NO. Es al rev\u00e9s: el pueblo espa\u00f1ol hizo la Constituci\u00f3n porque era soberano.\u00bb<\/p><\/blockquote>\n<p>Contesta Zapatero:<\/p>\n<blockquote><p>\u00abEl pueblo es quien tiene la Soberan\u00eda por encima de la naci\u00f3n. En el reside, y as\u00ed lo dice la propia Constituci\u00f3n.\u00bb<\/p><\/blockquote>\n<p>La verdad es que ya aburren tantas vueltas con la soberan\u00eda, la naci\u00f3n y la Constituci\u00f3n. No veo que dediquen tanto tiempo a debatir medidas para rebajar los precios de la vivienda o mejorar el sistema sanitario.  A m\u00ed que Catalu\u00f1a se llame \u00abcomunidad nacional\u00bb, tenga \u00abidentidad nacional\u00bb o sea una \u00abnaci\u00f3n\u00bb, realmente me la trae al pairo. Y como a m\u00ed a la gran mayor\u00eda de la poblaci\u00f3n, que lo \u00fanico que quiere es tener mejores servicios por parte del estado, ya sea nacional, federal o auton\u00f3mico. Da lo mismo quien tenga las competencias si luego no usan tal poder en los problemas que realmente nos abruman d\u00eda a d\u00eda.<\/p>\n","protected":false},"excerpt":{"rendered":"<p>O el mareo que da tanta discusi\u00f3n que se muerde la cola&#8230; Dice Rajoy: \u00abEl pueblo espa\u00f1ol no es soberano porque lo diga la Constituci\u00f3n. NO. Es al rev\u00e9s: el pueblo espa\u00f1ol hizo la Constituci\u00f3n porque era soberano.\u00bb Contesta Zapatero: \u00abEl pueblo es quien tiene la Soberan\u00eda por encima de la naci\u00f3n. En el reside,&hellip;&nbsp;<a href=\"https:\/\/junjan.org\/wordpress\/2005\/11\/la_parte_contratante_de_la_primera_parte\/\" rel=\"bookmark\">Leer m\u00e1s &raquo;<span class=\"screen-reader-text\">La parte contratante de la primera parte<\/span><\/a><\/p>\n","protected":false},"author":1,"featured_media":0,"comment_status":"open","ping_status":"open","sticky":false,"template":"","format":"standard","meta":{"neve_meta_sidebar":"","neve_meta_container":"","neve_meta_enable_content_width":"","neve_meta_content_width":0,"neve_meta_title_alignment":"","neve_meta_author_avatar":"","neve_post_elements_order":"","neve_meta_disable_header":"","neve_meta_disable_footer":"","neve_meta_disable_title":"","footnotes":""},"categories":[32],"tags":[],"class_list":["post-655","post","type-post","status-publish","format-standard","hentry","category-frases"],"_links":{"self":[{"href":"https:\/\/junjan.org\/wordpress\/wp-json\/wp\/v2\/posts\/655","targetHints":{"allow":["GET"]}}],"collection":[{"href":"https:\/\/junjan.org\/wordpress\/wp-json\/wp\/v2\/posts"}],"about":[{"href":"https:\/\/junjan.org\/wordpress\/wp-json\/wp\/v2\/types\/post"}],"author":[{"embeddable":true,"href":"https:\/\/junjan.org\/wordpress\/wp-json\/wp\/v2\/users\/1"}],"replies":[{"embeddable":true,"href":"https:\/\/junjan.org\/wordpress\/wp-json\/wp\/v2\/comments?post=655"}],"version-history":[{"count":0,"href":"https:\/\/junjan.org\/wordpress\/wp-json\/wp\/v2\/posts\/655\/revisions"}],"wp:attachment":[{"href":"https:\/\/junjan.org\/wordpress\/wp-json\/wp\/v2\/media?parent=655"}],"wp:term":[{"taxonomy":"category","embeddable":true,"href":"https:\/\/junjan.org\/wordpress\/wp-json\/wp\/v2\/categories?post=655"},{"taxonomy":"post_tag","embeddable":true,"href":"https:\/\/junjan.org\/wordpress\/wp-json\/wp\/v2\/tags?post=655"}],"curies":[{"name":"wp","href":"https:\/\/api.w.org\/{rel}","templated":true}]}}