{"id":656,"date":"2005-11-05T21:04:45","date_gmt":"2005-11-05T21:04:45","guid":{"rendered":"http:\/\/junjan.org\/wordpress\/?p=656"},"modified":"2005-11-05T21:04:45","modified_gmt":"2005-11-05T21:04:45","slug":"salvadores_de_la_patria","status":"publish","type":"post","link":"https:\/\/junjan.org\/wordpress\/2005\/11\/salvadores_de_la_patria\/","title":{"rendered":"Salvadores de la patria"},"content":{"rendered":"<blockquote><p>\nP\u00edo Moa, [\u00abLa ruptura de la Constituci\u00f3n\u00bb:http:\/\/www.libertaddigital.com\/opiniones\/opi_desa_27927.html].<br \/>\n\u00abSe ha escrito que el pa\u00eds vuelve a quedar dividido en dos, porque m\u00e1s del cuarenta por ciento de los diputados, la parte m\u00e1s sana de las Cortes, vot\u00f3 contra la tropel\u00eda. <strong>En realidad ese Parlamento no representa la sociedad<\/strong>, pues sin duda la proporci\u00f3n de espa\u00f1oles partidarios de la Constituci\u00f3n y, por tanto opuestos al estatuto, suma una gran mayor\u00eda. Y a esa mayor\u00eda hay que recurrir urgentemente, explic\u00e1ndole c\u00f3mo la ley que permite la convivencia en paz y libertad est\u00e1 siendo hundida, mediante actos consumados e intrigas, por los \u201cjugadores de la pol\u00edtica\u201d, como los llamaba Zugazagoitia, por los demagogos dedicados a \u201cenvenenar la conciencia\u201d del pueblo, en expresi\u00f3n de Besteiro.\u00bb\n<\/p><\/blockquote>\n<p>Los de siempre con las ideas de siempre.<br \/>\nEl parlamento no representa a los ciudadanos, pero \u00a1oh casualidad!, ellos y sus amigos s\u00ed. Ellos son los \u00fanicos depositarios de la patria. Mientras gobernaban sus chicos, <em>\u00a1viva la democracia parlamentaria!;<\/em> pero cuando el parlamento decide hacer algo que ataca su \u00absagrado sentido de la patria y la fe\u00bb,<em> \u00a1abajo el parlamento!<\/em>.<br \/>\nDem\u00f3cratas hasta la m\u00e9dula&#8230; \u00bfCu\u00e1ndo empezar\u00e1n a invocar a los \u00absalvadores de la patria\u00bb?<\/p>\n","protected":false},"excerpt":{"rendered":"<p>P\u00edo Moa, [\u00abLa ruptura de la Constituci\u00f3n\u00bb:http:\/\/www.libertaddigital.com\/opiniones\/opi_desa_27927.html]. \u00abSe ha escrito que el pa\u00eds vuelve a quedar dividido en dos, porque m\u00e1s del cuarenta por ciento de los diputados, la parte m\u00e1s sana de las Cortes, vot\u00f3 contra la tropel\u00eda. En realidad ese Parlamento no representa la sociedad, pues sin duda la proporci\u00f3n de espa\u00f1oles partidarios&hellip;&nbsp;<a href=\"https:\/\/junjan.org\/wordpress\/2005\/11\/salvadores_de_la_patria\/\" rel=\"bookmark\">Leer m\u00e1s &raquo;<span class=\"screen-reader-text\">Salvadores de la patria<\/span><\/a><\/p>\n","protected":false},"author":1,"featured_media":0,"comment_status":"open","ping_status":"open","sticky":false,"template":"","format":"standard","meta":{"neve_meta_sidebar":"","neve_meta_container":"","neve_meta_enable_content_width":"","neve_meta_content_width":0,"neve_meta_title_alignment":"","neve_meta_author_avatar":"","neve_post_elements_order":"","neve_meta_disable_header":"","neve_meta_disable_footer":"","neve_meta_disable_title":"","footnotes":""},"categories":[81],"tags":[101],"class_list":["post-656","post","type-post","status-publish","format-standard","hentry","category-revista-de-prensa","tag-moa-patriotismo-patriotas-estatut"],"_links":{"self":[{"href":"https:\/\/junjan.org\/wordpress\/wp-json\/wp\/v2\/posts\/656","targetHints":{"allow":["GET"]}}],"collection":[{"href":"https:\/\/junjan.org\/wordpress\/wp-json\/wp\/v2\/posts"}],"about":[{"href":"https:\/\/junjan.org\/wordpress\/wp-json\/wp\/v2\/types\/post"}],"author":[{"embeddable":true,"href":"https:\/\/junjan.org\/wordpress\/wp-json\/wp\/v2\/users\/1"}],"replies":[{"embeddable":true,"href":"https:\/\/junjan.org\/wordpress\/wp-json\/wp\/v2\/comments?post=656"}],"version-history":[{"count":0,"href":"https:\/\/junjan.org\/wordpress\/wp-json\/wp\/v2\/posts\/656\/revisions"}],"wp:attachment":[{"href":"https:\/\/junjan.org\/wordpress\/wp-json\/wp\/v2\/media?parent=656"}],"wp:term":[{"taxonomy":"category","embeddable":true,"href":"https:\/\/junjan.org\/wordpress\/wp-json\/wp\/v2\/categories?post=656"},{"taxonomy":"post_tag","embeddable":true,"href":"https:\/\/junjan.org\/wordpress\/wp-json\/wp\/v2\/tags?post=656"}],"curies":[{"name":"wp","href":"https:\/\/api.w.org\/{rel}","templated":true}]}}