{"id":658,"date":"2005-11-06T12:39:46","date_gmt":"2005-11-06T12:39:46","guid":{"rendered":"http:\/\/junjan.org\/wordpress\/?p=658"},"modified":"2005-11-06T12:39:46","modified_gmt":"2005-11-06T12:39:46","slug":"verdad_oficial","status":"publish","type":"post","link":"https:\/\/junjan.org\/wordpress\/2005\/11\/verdad_oficial\/","title":{"rendered":"Verdad oficial"},"content":{"rendered":"<p>Juan Antonio Aguilera Moch\u00f3n: \u00abEl error constitucional\u00bb, [\u00abLa Insignia\u00bb:http:\/\/www.lainsignia.org\/2005\/noviembre\/ibe_026.htm]<\/p>\n<blockquote><p> \u00abA ra\u00edz del nacimiento de Leonor de Borb\u00f3n se oye hablar, por todas partes, de la necesidad de reformar la Constituci\u00f3n para equiparar los derechos sucesorios de la mujer a los del hombre; aunque la discusi\u00f3n no es acerca de si se debe realizar la reforma, sino con qu\u00e9 urgencia hacerla. Lo extra\u00f1o es que se nos diga que en 1978 se col\u00f3 tama\u00f1o error en la Constituci\u00f3n, tan de bulto que ahora lo ve hasta el m\u00e1s necio, porque entonces no hab\u00eda tanta conciencia sobre estas cosas de la igualdad de derechos entre hombres y mujeres y porque lo de la sucesi\u00f3n al trono era un asunto secundario&#8230; Produce indignaci\u00f3n y verg\u00fcenza ajena o\u00edrlo de Peces-Barba y otros padres de la patria. \u00a1La igualdad de derechos estaba clar\u00edsima, especialmente para aquellos prohombres \u2014aunque no hubiera entre ellos ninguna madre de la patria y promujer\u2014, y los asuntos de la Corona se ajustaban con exquisito cuidado! Deber\u00edan pensar en otra exculpaci\u00f3n que no nos tome por memos.<br \/>\nLo cierto es que entonces no hubo este clamor general. Precisamente lo que la actual participaci\u00f3n ciudadana y medi\u00e1tica en esta cuesti\u00f3n pone en evidencia es la casi nula discusi\u00f3n p\u00fablica que en 1978 hubo sobre el contenido de la Constituci\u00f3n. Por ejemplo, ya que estamos con la Corona, no tuvimos nunca opci\u00f3n de debatir ni de asistir a debates serios, no ya sobre los detalles de la sucesi\u00f3n al trono, sino sobre si la propia Corona era \u00fatil, leg\u00edtima y democr\u00e1tica. Ahora que caigo en la cuenta, \u00a1estos debates (y la correspondiente consulta popular) est\u00e1n a\u00fan pendientes!<br \/>\nPero, amigos, esta es la verdad oficial: la Santa Transici\u00f3n, la Constituci\u00f3n y la instauraci\u00f3n de la Monarqu\u00eda fueron el resultado de un mod\u00e9lico ejercicio democr\u00e1tico.\u00bb <\/p><\/blockquote>\n","protected":false},"excerpt":{"rendered":"<p>Juan Antonio Aguilera Moch\u00f3n: \u00abEl error constitucional\u00bb, [\u00abLa Insignia\u00bb:http:\/\/www.lainsignia.org\/2005\/noviembre\/ibe_026.htm] \u00abA ra\u00edz del nacimiento de Leonor de Borb\u00f3n se oye hablar, por todas partes, de la necesidad de reformar la Constituci\u00f3n para equiparar los derechos sucesorios de la mujer a los del hombre; aunque la discusi\u00f3n no es acerca de si se debe realizar la reforma,&hellip;&nbsp;<a href=\"https:\/\/junjan.org\/wordpress\/2005\/11\/verdad_oficial\/\" rel=\"bookmark\">Leer m\u00e1s &raquo;<span class=\"screen-reader-text\">Verdad oficial<\/span><\/a><\/p>\n","protected":false},"author":1,"featured_media":0,"comment_status":"open","ping_status":"open","sticky":false,"template":"","format":"standard","meta":{"neve_meta_sidebar":"","neve_meta_container":"","neve_meta_enable_content_width":"","neve_meta_content_width":0,"neve_meta_title_alignment":"","neve_meta_author_avatar":"","neve_post_elements_order":"","neve_meta_disable_header":"","neve_meta_disable_footer":"","neve_meta_disable_title":"","footnotes":""},"categories":[81],"tags":[103],"class_list":["post-658","post","type-post","status-publish","format-standard","hentry","category-revista-de-prensa","tag-monarquia-monarquia-monarquicos"],"_links":{"self":[{"href":"https:\/\/junjan.org\/wordpress\/wp-json\/wp\/v2\/posts\/658","targetHints":{"allow":["GET"]}}],"collection":[{"href":"https:\/\/junjan.org\/wordpress\/wp-json\/wp\/v2\/posts"}],"about":[{"href":"https:\/\/junjan.org\/wordpress\/wp-json\/wp\/v2\/types\/post"}],"author":[{"embeddable":true,"href":"https:\/\/junjan.org\/wordpress\/wp-json\/wp\/v2\/users\/1"}],"replies":[{"embeddable":true,"href":"https:\/\/junjan.org\/wordpress\/wp-json\/wp\/v2\/comments?post=658"}],"version-history":[{"count":0,"href":"https:\/\/junjan.org\/wordpress\/wp-json\/wp\/v2\/posts\/658\/revisions"}],"wp:attachment":[{"href":"https:\/\/junjan.org\/wordpress\/wp-json\/wp\/v2\/media?parent=658"}],"wp:term":[{"taxonomy":"category","embeddable":true,"href":"https:\/\/junjan.org\/wordpress\/wp-json\/wp\/v2\/categories?post=658"},{"taxonomy":"post_tag","embeddable":true,"href":"https:\/\/junjan.org\/wordpress\/wp-json\/wp\/v2\/tags?post=658"}],"curies":[{"name":"wp","href":"https:\/\/api.w.org\/{rel}","templated":true}]}}