{"id":659,"date":"2005-11-06T18:38:00","date_gmt":"2005-11-06T18:38:00","guid":{"rendered":"http:\/\/junjan.org\/wordpress\/?p=659"},"modified":"2022-02-04T22:11:45","modified_gmt":"2022-02-04T21:11:45","slug":"revisionismo_rosa","status":"publish","type":"post","link":"https:\/\/junjan.org\/wordpress\/2005\/11\/revisionismo_rosa\/","title":{"rendered":"Revisionismo Rosa"},"content":{"rendered":"\n<p>Veo que P\u00edo Moa ha sacado otro libro en su ya larg\u00edsima serie sobre la guerra civil y el franquismo. Serie que <em>motu proprio<\/em> acabo de incluir en un nuevo subg\u00e9nero novel\u00edstico-hist\u00f3rico, \u00ab<a href=\"http:\/\/es.wikipedia.org\/wiki\/Revisionismo\" data-type=\"URL\" data-id=\"http:\/\/es.wikipedia.org\/wiki\/Revisionismo\">el revisionismo<\/a>\u00bb rosa\u00bb (*). La \u00faltima obra es <strong>\u00abFranco: Un balance hist\u00f3rico\u00bb<\/strong>. <em>(Apropiad\u00edsimo t\u00edtulo, conocida la ecuanimidad de su autor).<\/em><br>LibertadDigital nos ha proporcionado un fragmento de su \u00abcap\u00edtulo 13\u00bb para que podamos \u00abdegustar\u00bb las magnificencias del producto.<br>Por ejemplo, dice Moa:<\/p>\n\n\n\n<blockquote class=\"wp-block-quote is-layout-flow wp-block-quote-is-layout-flow\"><p>\u00abEn cuanto a los presos, esperablemente numerosos en una tiran\u00eda polic\u00edaca, eran en realidad muy pocos, una de las cifras m\u00e1s bajas de Europa. En 1960 ascend\u00eda a 15.200, casi todos comunes, y baj\u00f3 constantemente cada a\u00f1o hasta los 10.700 en 1966. S\u00f3lo en el primer bienio republicano hubo una bajada tan sensible, pero con un significado muy distinto: la liberaci\u00f3n de presos durante la Rep\u00fablica respondi\u00f3 casi siempre a medidas demag\u00f3gicas, pues no vino respaldada por una disminuci\u00f3n de la delincuencia, sino por un auge brutal de ella. En los a\u00f1os 60, el corto n\u00famero de reclusos reflejaba una delincuencia tambi\u00e9n muy reducida.<br>La poblaci\u00f3n carcelaria volvi\u00f3 a crecer, pero sin superar cifras bajas, a partir de 1968, con 12.100 personas, llegando a 13.900 en 1970 y a un m\u00e1ximo de 14.700 en 1974, con alguna ca\u00edda intermedia. La causa de este aumento se aprecia con facilidad: en esos a\u00f1os coincidi\u00f3 un aumento de la delincuencia com\u00fan \u2013entre otras cosas la droga empez\u00f3 a penetrar en la sociedad espa\u00f1ola\u2013 con la intensificaci\u00f3n de las actividades comunistas y la aparici\u00f3n de la ETA. Es dif\u00edcil saber el n\u00famero de presos pol\u00edticos dentro del conjunto, pero probablemente no pas\u00f3 de dos mil, si lleg\u00f3 a tanto, en el momento de m\u00e1xima represi\u00f3n, cifra no muy apabullante para un pa\u00eds de m\u00e1s de 35 millones de habitantes en pretendida rebeld\u00eda abierta o latente. Normalmente no pasaban de unos centenares.\u00bb<\/p><\/blockquote>\n\n\n\n<p>No es maravilloso. Resulta que el franquismo ten\u00eda menos presos pol\u00edticos que bailarines de \u00ab<a href=\"http:\/\/www.tango.is\/english.htm\" data-type=\"URL\" data-id=\"http:\/\/www.tango.is\/english.htm\">tango en Islandia<\/a>\u00ab. La malvada propaganda izquierdista nos ha enga\u00f1ado con tantas historias sobre la \u00abRedenci\u00f3n de Penas por el Trabajo\u00bb, los \u00abBatallones Disciplinarios\u00bb y el \u00abServicio de Colonias Penitenciarias Militarizadas\u00bb. \u00abMitos\u00bb que nunca existieron, invenciones que solamente habitan las mentes calentaurientas de tanto rojo resentido.<br>Ver:<br>&#8211; \u00ab<a href=\"http:\/\/www.nodo50.org\/foroporlamemoria\/documentos\/2005\/forzados_15092005.htm\" data-type=\"URL\" data-id=\"http:\/\/www.nodo50.org\/foroporlamemoria\/documentos\/2005\/forzados_15092005.htm\">Los reclutados para trabajos forzados tras la Guerra Civil podr\u00e1n exigir compensaciones<\/a>\u00ab<br>&#8211; \u00ab<a href=\"http:\/\/www.el-mundo.es\/cronica\/2002\/335\/1016448938.html\" data-type=\"URL\" data-id=\"http:\/\/www.el-mundo.es\/cronica\/2002\/335\/1016448938.html\">Las fosas del franquismo<\/a>\u00ab, por Ildefonso Olmedo<br>&#8211; \u00abL<a href=\"http:\/\/www.nodo50.org\/haydeesantamaria\/memoria_historica\/lv_esclavos_franquismo.htm\" data-type=\"URL\" data-id=\"http:\/\/www.nodo50.org\/haydeesantamaria\/memoria_historica\/lv_esclavos_franquismo.htm\">os esclavos del franquismo. Miles de presos pol\u00edticos fueron arrendados a empresas privadas hasta 1970.<\/a>\u00ab, por Josep Maria S\u00f2ria<br>&#8211; \u00ab<a href=\"http:\/\/www.cgt.es\/spcgta\/PRESOS.htm\" data-type=\"URL\" data-id=\"http:\/\/www.cgt.es\/spcgta\/PRESOS.htm\">El Canal de los Presos<\/a>\u00ab<br>&#8211; \u00ab<a href=\"http:\/\/www.riomon.com\/javi\/principal.html\">Los Campos de Concentraci\u00f3n franquistas<\/a>\u00ab, colecci\u00f3n de art\u00edculos.<br><em><br>&#8211;(*) Por aquello de que leyendo a Moa, con Franco parece que todo era de color rosa&#8211;<br><\/em><\/p>\n","protected":false},"excerpt":{"rendered":"<p>Veo que P\u00edo Moa ha sacado otro libro en su ya larg\u00edsima serie sobre la guerra civil y el franquismo. Serie que motu proprio acabo de incluir en un nuevo subg\u00e9nero novel\u00edstico-hist\u00f3rico, \u00abel revisionismo\u00bb rosa\u00bb (*). La \u00faltima obra es \u00abFranco: Un balance hist\u00f3rico\u00bb. (Apropiad\u00edsimo t\u00edtulo, conocida la ecuanimidad de su autor).LibertadDigital nos ha proporcionado&hellip;&nbsp;<a href=\"https:\/\/junjan.org\/wordpress\/2005\/11\/revisionismo_rosa\/\" rel=\"bookmark\">Leer m\u00e1s &raquo;<span class=\"screen-reader-text\">Revisionismo Rosa<\/span><\/a><\/p>\n","protected":false},"author":1,"featured_media":0,"comment_status":"open","ping_status":"open","sticky":false,"template":"","format":"standard","meta":{"neve_meta_sidebar":"","neve_meta_container":"","neve_meta_enable_content_width":"","neve_meta_content_width":0,"neve_meta_title_alignment":"","neve_meta_author_avatar":"","neve_post_elements_order":"","neve_meta_disable_header":"","neve_meta_disable_footer":"","neve_meta_disable_title":"","footnotes":""},"categories":[8],"tags":[104],"class_list":["post-659","post","type-post","status-publish","format-standard","hentry","category-historia","tag-moa-franco-guerra-civil"],"_links":{"self":[{"href":"https:\/\/junjan.org\/wordpress\/wp-json\/wp\/v2\/posts\/659","targetHints":{"allow":["GET"]}}],"collection":[{"href":"https:\/\/junjan.org\/wordpress\/wp-json\/wp\/v2\/posts"}],"about":[{"href":"https:\/\/junjan.org\/wordpress\/wp-json\/wp\/v2\/types\/post"}],"author":[{"embeddable":true,"href":"https:\/\/junjan.org\/wordpress\/wp-json\/wp\/v2\/users\/1"}],"replies":[{"embeddable":true,"href":"https:\/\/junjan.org\/wordpress\/wp-json\/wp\/v2\/comments?post=659"}],"version-history":[{"count":2,"href":"https:\/\/junjan.org\/wordpress\/wp-json\/wp\/v2\/posts\/659\/revisions"}],"predecessor-version":[{"id":2719,"href":"https:\/\/junjan.org\/wordpress\/wp-json\/wp\/v2\/posts\/659\/revisions\/2719"}],"wp:attachment":[{"href":"https:\/\/junjan.org\/wordpress\/wp-json\/wp\/v2\/media?parent=659"}],"wp:term":[{"taxonomy":"category","embeddable":true,"href":"https:\/\/junjan.org\/wordpress\/wp-json\/wp\/v2\/categories?post=659"},{"taxonomy":"post_tag","embeddable":true,"href":"https:\/\/junjan.org\/wordpress\/wp-json\/wp\/v2\/tags?post=659"}],"curies":[{"name":"wp","href":"https:\/\/api.w.org\/{rel}","templated":true}]}}