{"id":662,"date":"2005-11-08T22:53:01","date_gmt":"2005-11-08T22:53:01","guid":{"rendered":"http:\/\/junjan.org\/wordpress\/?p=662"},"modified":"2005-11-08T22:53:01","modified_gmt":"2005-11-08T22:53:01","slug":"sin_permiso_del_parlamento","status":"publish","type":"post","link":"https:\/\/junjan.org\/wordpress\/2005\/11\/sin_permiso_del_parlamento\/","title":{"rendered":"Sin permiso del Parlamento"},"content":{"rendered":"<p>Leo el siguiente art\u00edculo y no salgo de mi asombro&#8230;<br \/>\n\u00ab[\u00abEspa\u00f1a vuelve de la mano de EE.UU. a combatir el terrorismo\u00bb:http:\/\/www.lavozdegalicia.es\/inicio\/noticia.jsp?CAT=126&#038;TEXTO=4159081]\u00bb, La Voz de Galicia.<\/p>\n<blockquote><p>\n\u00abEspa\u00f1a ha regresado de la mano de Estados Unidos a eso que la Administraci\u00f3n Bush llama \u00abguerra contra el terror\u00bb en el mar. Seg\u00fan un portavoz de la Armada norteamericana, la fragata \u00c1lvaro de Baz\u00e1n (F-101), con base en Ferrol y m\u00e1s de 200 militares a bordo, se halla desde hace nueve d\u00edas en el golfo P\u00e9rsico. Opera all\u00ed, junto con otras seis unidades de Estados Unidos, integrada temporalmente en el grupo de combate del portaaviones nuclear Theodore Roosevelt (CVN-71).<br \/>\nLa fragata \u00abest\u00e1 apoyando un dispositivo de seguridad mar\u00edtima para impedir que los terroristas puedan utilizar el golfo P\u00e9rsico para transportar personal, armas u otros materiales, como parte de un esfuerzo mayor para establecer condiciones de seguridad y estabilidad en la regi\u00f3n\u00bb, declar\u00f3 ayer a La Voz un oficial estadounidense destinado en el Roosevelt. Se trata de la misma zona y del mismo tipo de control asignados a la Reina Sof\u00eda (F-84), en abril del 2003, por la coalici\u00f3n que aplast\u00f3 al r\u00e9gimen de Sadam Huse\u00edn. \u00bb\n<\/p><\/blockquote>\n<p>\u00bfY el compromiso de Zapatero y Bono de \u00abinformar y solicitar permiso al Parlamento\u00bb antes de enviar tropas al extranjero? \u00bfSe ha esfumado en las neblinas de la pol\u00edtica internacional?<br \/>\nDec\u00eda Bono en la reciente discusi\u00f3n de la Ley de Defensa Nacional, que el Congreso <strong>\u201cno volver\u00e1 a ser testigo silencioso o mudo\u201d <\/strong> del env\u00edo de soldados espa\u00f1oles al extranjero, lo cual, por s\u00ed solo, justificaba la nueva ley.<br \/>\nEl \u00abanteproyecto de esta ley\u00bb:http:\/\/www.mde.es\/contenido.jsp?id_nodo=4340&#038;&#038;&#038;keyword=&#038;auditoria=F (PDF) dice al respecto:<\/p>\n<blockquote><p>\n<strong>Art\u00edculo 16.- <\/strong>Consulta al Congreso de los Diputados.<br \/>\n<be \/><br \/>\n1. Para ordenar operaciones en el exterior que no est\u00e9n directamente relacionadas con la defensa de Espa\u00f1a, el Gobierno realizar\u00e1 una consulta previa para recabar el parecer del Congreso de los Diputados.<br \/>\n2. En las misiones en el exterior que, de acuerdo con compromisos internacionales, requieran una respuesta r\u00e1pida o inmediata a determinadas situaciones, los tr\u00e1mites de consulta previa se realizar\u00e1n mediante procedimientos de urgencia que permitan cumplir con dichos compromisos.<br \/>\n3. En los supuestos previstos en el apartado anterior, cuando por razones de m\u00e1xima urgencia no fuera posible realizar la consulta previa, el Gobierno someter\u00e1 al Congreso de los Diputados lo antes posible la decisi\u00f3n que haya adoptado.\n<\/p><\/blockquote>\n<p>Pues nada, arrieritos somos&#8230;<\/p>\n","protected":false},"excerpt":{"rendered":"<p>Leo el siguiente art\u00edculo y no salgo de mi asombro&#8230; \u00ab[\u00abEspa\u00f1a vuelve de la mano de EE.UU. a combatir el terrorismo\u00bb:http:\/\/www.lavozdegalicia.es\/inicio\/noticia.jsp?CAT=126&#038;TEXTO=4159081]\u00bb, La Voz de Galicia. \u00abEspa\u00f1a ha regresado de la mano de Estados Unidos a eso que la Administraci\u00f3n Bush llama \u00abguerra contra el terror\u00bb en el mar. Seg\u00fan un portavoz de la Armada norteamericana,&hellip;&nbsp;<a href=\"https:\/\/junjan.org\/wordpress\/2005\/11\/sin_permiso_del_parlamento\/\" rel=\"bookmark\">Leer m\u00e1s &raquo;<span class=\"screen-reader-text\">Sin permiso del Parlamento<\/span><\/a><\/p>\n","protected":false},"author":1,"featured_media":0,"comment_status":"open","ping_status":"open","sticky":false,"template":"","format":"standard","meta":{"neve_meta_sidebar":"","neve_meta_container":"","neve_meta_enable_content_width":"","neve_meta_content_width":0,"neve_meta_title_alignment":"","neve_meta_author_avatar":"","neve_post_elements_order":"","neve_meta_disable_header":"","neve_meta_disable_footer":"","neve_meta_disable_title":"","footnotes":""},"categories":[5],"tags":[106],"class_list":["post-662","post","type-post","status-publish","format-standard","hentry","category-actualidad","tag-tropas-irak-guerra-alvaro-de-bazan-fragata"],"_links":{"self":[{"href":"https:\/\/junjan.org\/wordpress\/wp-json\/wp\/v2\/posts\/662","targetHints":{"allow":["GET"]}}],"collection":[{"href":"https:\/\/junjan.org\/wordpress\/wp-json\/wp\/v2\/posts"}],"about":[{"href":"https:\/\/junjan.org\/wordpress\/wp-json\/wp\/v2\/types\/post"}],"author":[{"embeddable":true,"href":"https:\/\/junjan.org\/wordpress\/wp-json\/wp\/v2\/users\/1"}],"replies":[{"embeddable":true,"href":"https:\/\/junjan.org\/wordpress\/wp-json\/wp\/v2\/comments?post=662"}],"version-history":[{"count":0,"href":"https:\/\/junjan.org\/wordpress\/wp-json\/wp\/v2\/posts\/662\/revisions"}],"wp:attachment":[{"href":"https:\/\/junjan.org\/wordpress\/wp-json\/wp\/v2\/media?parent=662"}],"wp:term":[{"taxonomy":"category","embeddable":true,"href":"https:\/\/junjan.org\/wordpress\/wp-json\/wp\/v2\/categories?post=662"},{"taxonomy":"post_tag","embeddable":true,"href":"https:\/\/junjan.org\/wordpress\/wp-json\/wp\/v2\/tags?post=662"}],"curies":[{"name":"wp","href":"https:\/\/api.w.org\/{rel}","templated":true}]}}