{"id":663,"date":"2005-11-10T14:57:07","date_gmt":"2005-11-10T14:57:07","guid":{"rendered":"http:\/\/junjan.org\/wordpress\/?p=663"},"modified":"2005-11-10T14:57:07","modified_gmt":"2005-11-10T14:57:07","slug":"derechos_fundamentales","status":"publish","type":"post","link":"https:\/\/junjan.org\/wordpress\/2005\/11\/derechos_fundamentales\/","title":{"rendered":"Derechos  fundamentales"},"content":{"rendered":"<p>Antonio Ca\u00f1izares, arzobispo de Toledo opina que la ense\u00f1anza de la religi\u00f3n en el colegio es un \u00abderecho fundamental\u00bb de los padres. En una entrevista en la cadena COPE, dijo:<\/p>\n<blockquote><p>\u00abNo se respeta suficientemente el derecho fundamental de los padres a elegir aquella educaci\u00f3n que quieren para sus hijos, y a que sus hijos sean educados conforme a sus creencias morales y religiosas. (&#8230;) (La religi\u00f3n) es un derecho fundamental de los padres &#8230; y tiene que darse en condiciones equiparables a materias fundamentales.\u00bb<\/p><\/blockquote>\n<p>Creo que sufre una interpretaci\u00f3n err\u00f3nea de los derechos fundamentales. Aunque nuestra constituci\u00f3n (y la carta de derechos fundamentales de la Uni\u00f3n europea) indica que :<\/p>\n<blockquote><p>\u00abLos poderes p\u00fablicos garantizan el derecho que asiste a los padres para que sus hijos reciban la formaci\u00f3n religiosa y moral que est\u00e9 de acuerdo con sus propias convicciones.\u00bb<\/p><\/blockquote>\n<p>Ello no significa, ni por asomo, que la asignatura de religi\u00f3n \u00abcat\u00f3lica\u00bb deba de ser obligatoria para todo el alumnado. De hecho la naturaleza \u00aboptativa\u00bb de tal asignatura no excluye de ninguna manera el pluralismo de los colegios p\u00fablicos, ni coarta la libertad de los padres de inscribir a sus hijos en esa materia.<br \/>\nLa obligatoriedad de la asignatura s\u00ed que coarta el derecho de los padres ateos o agn\u00f3sticos que no deseen que sus hijos atiendan a tan anacr\u00f3nica materia. Confunden los obispos los derechos fundamentales con las obligaciones fundamentales que demanda su ideario religioso.<br \/>\nM\u00e1s que de derechos fundamentales creo que se refieren a fundamentalismos obligatorios. No gracias.<\/p>\n","protected":false},"excerpt":{"rendered":"<p>Antonio Ca\u00f1izares, arzobispo de Toledo opina que la ense\u00f1anza de la religi\u00f3n en el colegio es un \u00abderecho fundamental\u00bb de los padres. En una entrevista en la cadena COPE, dijo: \u00abNo se respeta suficientemente el derecho fundamental de los padres a elegir aquella educaci\u00f3n que quieren para sus hijos, y a que sus hijos sean&hellip;&nbsp;<a href=\"https:\/\/junjan.org\/wordpress\/2005\/11\/derechos_fundamentales\/\" rel=\"bookmark\">Leer m\u00e1s &raquo;<span class=\"screen-reader-text\">Derechos  fundamentales<\/span><\/a><\/p>\n","protected":false},"author":1,"featured_media":0,"comment_status":"open","ping_status":"open","sticky":false,"template":"","format":"standard","meta":{"neve_meta_sidebar":"","neve_meta_container":"","neve_meta_enable_content_width":"","neve_meta_content_width":0,"neve_meta_title_alignment":"","neve_meta_author_avatar":"","neve_post_elements_order":"","neve_meta_disable_header":"","neve_meta_disable_footer":"","neve_meta_disable_title":"","footnotes":""},"categories":[9],"tags":[107],"class_list":["post-663","post","type-post","status-publish","format-standard","hentry","category-opinion","tag-obispos-ensenanza-religion-fundamentalismo"],"_links":{"self":[{"href":"https:\/\/junjan.org\/wordpress\/wp-json\/wp\/v2\/posts\/663","targetHints":{"allow":["GET"]}}],"collection":[{"href":"https:\/\/junjan.org\/wordpress\/wp-json\/wp\/v2\/posts"}],"about":[{"href":"https:\/\/junjan.org\/wordpress\/wp-json\/wp\/v2\/types\/post"}],"author":[{"embeddable":true,"href":"https:\/\/junjan.org\/wordpress\/wp-json\/wp\/v2\/users\/1"}],"replies":[{"embeddable":true,"href":"https:\/\/junjan.org\/wordpress\/wp-json\/wp\/v2\/comments?post=663"}],"version-history":[{"count":0,"href":"https:\/\/junjan.org\/wordpress\/wp-json\/wp\/v2\/posts\/663\/revisions"}],"wp:attachment":[{"href":"https:\/\/junjan.org\/wordpress\/wp-json\/wp\/v2\/media?parent=663"}],"wp:term":[{"taxonomy":"category","embeddable":true,"href":"https:\/\/junjan.org\/wordpress\/wp-json\/wp\/v2\/categories?post=663"},{"taxonomy":"post_tag","embeddable":true,"href":"https:\/\/junjan.org\/wordpress\/wp-json\/wp\/v2\/tags?post=663"}],"curies":[{"name":"wp","href":"https:\/\/api.w.org\/{rel}","templated":true}]}}