{"id":664,"date":"2005-11-10T21:22:45","date_gmt":"2005-11-10T21:22:45","guid":{"rendered":"http:\/\/junjan.org\/wordpress\/?p=664"},"modified":"2011-06-03T19:58:25","modified_gmt":"2011-06-03T17:58:25","slug":"libertad_de_expresin","status":"publish","type":"post","link":"https:\/\/junjan.org\/wordpress\/2005\/11\/libertad_de_expresin\/","title":{"rendered":"Libertad de expresi\u00f3n"},"content":{"rendered":"<p>Sentencia \u00ab<a href=\"http:\/\/www.escolar.net\/MT\/archives\/2005\/11\/farruquito_cabr.html\" target=\"_blank\">del caso Farruquito contra Gregorio Mor\u00e1n<\/a>\u00ab:<\/p>\n<blockquote><p>\u201cLa libertad de expresi\u00f3n constituye uno de los fundamentos esenciales de la sociedad (\u2026) no s\u00f3lo se aplica a las informaciones o ideas recibidas favorablemente o consideradas inofensivas o indiferentes, sino tambi\u00e9n a las que ofenden o molestan\u201d<\/p><\/blockquote>\n<p>Los que proponen que se cierre el programa de radio de Losantos <a href=\"http:\/\/www.royo-villanova.net\/firmas\/\" target=\"_blank\">deber\u00edan aplicarse el cuen<\/a><a href=\"http:\/\/www.royo-villanova.net\/firmas\/\" target=\"_blank\">to<\/a> y desde mi modesta opini\u00f3n, \u00abbajarse del guindo\u00bb. Una cosa es el desacuerdo (hasta el total antagonismo), postura que yo mismo practico \u00ab<a href=\"http:\/\/junjan.org\/wordpress\/?s=losantos\" target=\"_blank\">casi a diario<\/a>\u00ab, y otra muy distinta es pedir la censura con todas las letras. Se puede camuflar como se quiera, CENSURA es lo que piden.<br \/>\nEste pa\u00eds tiene tribunales y si los sujetos de las diatribas diarias de Losantos no han considerado oportuno querellarse contra \u00e9l, \u00bfno ser\u00e1 porque tal querella no tendr\u00eda ning\u00fan fundamento?<br \/>\nLa opini\u00f3n, la s\u00e1tira y el humor son libres siempre que no atraviesen la linea de la difamaci\u00f3n. Nosotros tenemos todo el derecho de opinar, satirizar y hacer chistes de vuelta. Lo \u00fanico que consiguen es darle m\u00e1s balas.<\/p>\n","protected":false},"excerpt":{"rendered":"<p>Sentencia \u00abdel caso Farruquito contra Gregorio Mor\u00e1n\u00ab: \u201cLa libertad de expresi\u00f3n constituye uno de los fundamentos esenciales de la sociedad (\u2026) no s\u00f3lo se aplica a las informaciones o ideas recibidas favorablemente o consideradas inofensivas o indiferentes, sino tambi\u00e9n a las que ofenden o molestan\u201d Los que proponen que se cierre el programa de radio&hellip;&nbsp;<a href=\"https:\/\/junjan.org\/wordpress\/2005\/11\/libertad_de_expresin\/\" rel=\"bookmark\">Leer m\u00e1s &raquo;<span class=\"screen-reader-text\">Libertad de expresi\u00f3n<\/span><\/a><\/p>\n","protected":false},"author":1,"featured_media":0,"comment_status":"open","ping_status":"open","sticky":false,"template":"","format":"standard","meta":{"neve_meta_sidebar":"","neve_meta_container":"","neve_meta_enable_content_width":"","neve_meta_content_width":0,"neve_meta_title_alignment":"","neve_meta_author_avatar":"","neve_post_elements_order":"","neve_meta_disable_header":"","neve_meta_disable_footer":"","neve_meta_disable_title":"","footnotes":""},"categories":[5],"tags":[708,738,734],"class_list":["post-664","post","type-post","status-publish","format-standard","hentry","category-actualidad","tag-censura","tag-libertad-de-expresion","tag-losantos"],"_links":{"self":[{"href":"https:\/\/junjan.org\/wordpress\/wp-json\/wp\/v2\/posts\/664","targetHints":{"allow":["GET"]}}],"collection":[{"href":"https:\/\/junjan.org\/wordpress\/wp-json\/wp\/v2\/posts"}],"about":[{"href":"https:\/\/junjan.org\/wordpress\/wp-json\/wp\/v2\/types\/post"}],"author":[{"embeddable":true,"href":"https:\/\/junjan.org\/wordpress\/wp-json\/wp\/v2\/users\/1"}],"replies":[{"embeddable":true,"href":"https:\/\/junjan.org\/wordpress\/wp-json\/wp\/v2\/comments?post=664"}],"version-history":[{"count":2,"href":"https:\/\/junjan.org\/wordpress\/wp-json\/wp\/v2\/posts\/664\/revisions"}],"predecessor-version":[{"id":1427,"href":"https:\/\/junjan.org\/wordpress\/wp-json\/wp\/v2\/posts\/664\/revisions\/1427"}],"wp:attachment":[{"href":"https:\/\/junjan.org\/wordpress\/wp-json\/wp\/v2\/media?parent=664"}],"wp:term":[{"taxonomy":"category","embeddable":true,"href":"https:\/\/junjan.org\/wordpress\/wp-json\/wp\/v2\/categories?post=664"},{"taxonomy":"post_tag","embeddable":true,"href":"https:\/\/junjan.org\/wordpress\/wp-json\/wp\/v2\/tags?post=664"}],"curies":[{"name":"wp","href":"https:\/\/api.w.org\/{rel}","templated":true}]}}