{"id":665,"date":"2005-11-13T20:08:37","date_gmt":"2005-11-13T20:08:37","guid":{"rendered":"http:\/\/junjan.org\/wordpress\/?p=665"},"modified":"2005-11-13T20:08:37","modified_gmt":"2005-11-13T20:08:37","slug":"lo_que_no_puede_ser","status":"publish","type":"post","link":"https:\/\/junjan.org\/wordpress\/2005\/11\/lo_que_no_puede_ser\/","title":{"rendered":"Lo que no puede ser&#8230;"},"content":{"rendered":"<p><strong>&#8230; no puede ser, y adem\u00e1s es imposible. <\/strong><br \/>\nY me parece muy bien que la sociedad civil se manifieste y que cada uno diga lo que le de gana. Pero tampoco hay que exagerar.<br \/>\nSi en la manifestaci\u00f3n del 12 de marzo de 2004 que transcurri\u00f3 entre la plaza de Col\u00f3n y la glorieta de Atocha, pasando por las plazas de Cibeles y Neptuno (y con muchas de las calles aleda\u00f1as totalmente colapsadas) hab\u00eda 2.400.000 personas, ayer es f\u00edsicamente imposible que en un trayecto much\u00edsimo m\u00e1s corto hubiera un n\u00famero similar de personas.<br \/>\nYa s\u00e9 que el cat\u00f3lico medio puede ser m\u00e1s comprimible en presencia de tantos obispos y dirigentes del PP, y que el ego de muchos de los asistentes (<em>Esperanza Aguirre for example<\/em>) vale seguramente por cientos de miles de personas, pero a\u00fan as\u00ed es muy dificil ir contra las evidencias f\u00edsicas.<br \/>\n<a href=\"http:\/\/www.junjan.org\/weblog\/images\/comp-12M-loe.html\" onclick=\"window.open('http:\/\/www.junjan.org\/weblog\/images\/comp-12M-loe.html','popup','width=281,height=799,scrollbars=no,resizable=no,toolbar=no,directories=no,location=no,menubar=no,status=no,left=0,top=0'); return false\">Ver imagen demostrativa<\/a>, (en naranja el 12M, en verde la de ayer, imagen obtenida de [\u00abGoogle Earth\u00bb:http:\/\/earth.google.com\/]).<br \/>\nLo peor es que hay gente que se lo cree&#8230;<br \/>\nVer:<br \/>\n&#8211; \u00abManifestaciones y guerras de cifras\u00bb:http:\/\/wonkapistas.blogspot.com\/2005\/11\/manifestaciones-y-guerras-de-cifras.html (Pistas)<br \/>\n&#8211; \u00abManifest\u00f3metro\u00bb:http:\/\/manifestometro.blogspot.com\/ (Cr\u00f3nica y Fotos)<\/p>\n","protected":false},"excerpt":{"rendered":"<p>&#8230; no puede ser, y adem\u00e1s es imposible. Y me parece muy bien que la sociedad civil se manifieste y que cada uno diga lo que le de gana. Pero tampoco hay que exagerar. Si en la manifestaci\u00f3n del 12 de marzo de 2004 que transcurri\u00f3 entre la plaza de Col\u00f3n y la glorieta de&hellip;&nbsp;<a href=\"https:\/\/junjan.org\/wordpress\/2005\/11\/lo_que_no_puede_ser\/\" rel=\"bookmark\">Leer m\u00e1s &raquo;<span class=\"screen-reader-text\">Lo que no puede ser&#8230;<\/span><\/a><\/p>\n","protected":false},"author":1,"featured_media":0,"comment_status":"open","ping_status":"open","sticky":false,"template":"","format":"standard","meta":{"neve_meta_sidebar":"","neve_meta_container":"","neve_meta_enable_content_width":"","neve_meta_content_width":0,"neve_meta_title_alignment":"","neve_meta_author_avatar":"","neve_post_elements_order":"","neve_meta_disable_header":"","neve_meta_disable_footer":"","neve_meta_disable_title":"","footnotes":""},"categories":[84],"tags":[109],"class_list":["post-665","post","type-post","status-publish","format-standard","hentry","category-divagaciones","tag-manipulacion-mentiras-periodismo-manifestacion-manifestaciones"],"_links":{"self":[{"href":"https:\/\/junjan.org\/wordpress\/wp-json\/wp\/v2\/posts\/665","targetHints":{"allow":["GET"]}}],"collection":[{"href":"https:\/\/junjan.org\/wordpress\/wp-json\/wp\/v2\/posts"}],"about":[{"href":"https:\/\/junjan.org\/wordpress\/wp-json\/wp\/v2\/types\/post"}],"author":[{"embeddable":true,"href":"https:\/\/junjan.org\/wordpress\/wp-json\/wp\/v2\/users\/1"}],"replies":[{"embeddable":true,"href":"https:\/\/junjan.org\/wordpress\/wp-json\/wp\/v2\/comments?post=665"}],"version-history":[{"count":0,"href":"https:\/\/junjan.org\/wordpress\/wp-json\/wp\/v2\/posts\/665\/revisions"}],"wp:attachment":[{"href":"https:\/\/junjan.org\/wordpress\/wp-json\/wp\/v2\/media?parent=665"}],"wp:term":[{"taxonomy":"category","embeddable":true,"href":"https:\/\/junjan.org\/wordpress\/wp-json\/wp\/v2\/categories?post=665"},{"taxonomy":"post_tag","embeddable":true,"href":"https:\/\/junjan.org\/wordpress\/wp-json\/wp\/v2\/tags?post=665"}],"curies":[{"name":"wp","href":"https:\/\/api.w.org\/{rel}","templated":true}]}}