{"id":666,"date":"2005-11-13T20:32:51","date_gmt":"2005-11-13T20:32:51","guid":{"rendered":"http:\/\/junjan.org\/wordpress\/?p=666"},"modified":"2005-11-13T20:32:51","modified_gmt":"2005-11-13T20:32:51","slug":"contra_la_crispacin","status":"publish","type":"post","link":"https:\/\/junjan.org\/wordpress\/2005\/11\/contra_la_crispacin\/","title":{"rendered":"Contra la crispaci\u00f3n"},"content":{"rendered":"<p>Inmejorable art\u00edculo de Juan Varela,  \u00abLlamas contra la crispaci\u00f3n\u00bb:http:\/\/periodistas21.blogspot.com\/2005\/11\/llamas-contra-la-crispacin.html (fragmento)<\/p>\n<blockquote><p>\u00abLos periodistas tienen la responsabilidad de decir la verdad, y muchos no la dicen, a uno y otro lado. Los estrategas suelen estar en los medios cuando los pol\u00edticos no tienen el cuajo y el cerebro suficientes. El peor problema de la prensa en Espa\u00f1a es su falta de independencia, pero eso afecta a los progubernamentales y a los opositores.<br \/>\nPor eso much\u00edsima gente le vuelve la espalda y conf\u00eda en medios alternativos. Por eso la gente es esc\u00e9ptica y no cree en lo que le dicen.<br \/>\nNo defender\u00e9 nunca a los apocal\u00edpticos y a los heraldos del gerracivilismo, pero tampoco a los llorones, a los voceros de lo pol\u00edticamente correcto, a los tibios y a quienes son incapaces de la autocr\u00edtica necesaria.<br \/>\nLos medios est\u00e1n primero para informar, luego para criticar y vigilar al poder. Su obligaci\u00f3n con los ciudadanos y con la verdad pasa factura, sin duda.<br \/>\nDice el gobierno que la gente \u00abpercibe la realidad, no la imagen que de ella dan los pol\u00edticos\u00bb y yo sigo confiando en el juicio de los ciudadanos. Un repaso a las ventas y audiencias de unos y otros es muy revelador cuando se descuentan las trampas.\u00bb<\/p><\/blockquote>\n","protected":false},"excerpt":{"rendered":"<p>Inmejorable art\u00edculo de Juan Varela, \u00abLlamas contra la crispaci\u00f3n\u00bb:http:\/\/periodistas21.blogspot.com\/2005\/11\/llamas-contra-la-crispacin.html (fragmento) \u00abLos periodistas tienen la responsabilidad de decir la verdad, y muchos no la dicen, a uno y otro lado. Los estrategas suelen estar en los medios cuando los pol\u00edticos no tienen el cuajo y el cerebro suficientes. El peor problema de la prensa en Espa\u00f1a&hellip;&nbsp;<a href=\"https:\/\/junjan.org\/wordpress\/2005\/11\/contra_la_crispacin\/\" rel=\"bookmark\">Leer m\u00e1s &raquo;<span class=\"screen-reader-text\">Contra la crispaci\u00f3n<\/span><\/a><\/p>\n","protected":false},"author":1,"featured_media":0,"comment_status":"open","ping_status":"open","sticky":false,"template":"","format":"standard","meta":{"neve_meta_sidebar":"","neve_meta_container":"","neve_meta_enable_content_width":"","neve_meta_content_width":0,"neve_meta_title_alignment":"","neve_meta_author_avatar":"","neve_post_elements_order":"","neve_meta_disable_header":"","neve_meta_disable_footer":"","neve_meta_disable_title":"","footnotes":""},"categories":[81],"tags":[110],"class_list":["post-666","post","type-post","status-publish","format-standard","hentry","category-revista-de-prensa","tag-periodismo-mentira-crispacion"],"_links":{"self":[{"href":"https:\/\/junjan.org\/wordpress\/wp-json\/wp\/v2\/posts\/666","targetHints":{"allow":["GET"]}}],"collection":[{"href":"https:\/\/junjan.org\/wordpress\/wp-json\/wp\/v2\/posts"}],"about":[{"href":"https:\/\/junjan.org\/wordpress\/wp-json\/wp\/v2\/types\/post"}],"author":[{"embeddable":true,"href":"https:\/\/junjan.org\/wordpress\/wp-json\/wp\/v2\/users\/1"}],"replies":[{"embeddable":true,"href":"https:\/\/junjan.org\/wordpress\/wp-json\/wp\/v2\/comments?post=666"}],"version-history":[{"count":0,"href":"https:\/\/junjan.org\/wordpress\/wp-json\/wp\/v2\/posts\/666\/revisions"}],"wp:attachment":[{"href":"https:\/\/junjan.org\/wordpress\/wp-json\/wp\/v2\/media?parent=666"}],"wp:term":[{"taxonomy":"category","embeddable":true,"href":"https:\/\/junjan.org\/wordpress\/wp-json\/wp\/v2\/categories?post=666"},{"taxonomy":"post_tag","embeddable":true,"href":"https:\/\/junjan.org\/wordpress\/wp-json\/wp\/v2\/tags?post=666"}],"curies":[{"name":"wp","href":"https:\/\/api.w.org\/{rel}","templated":true}]}}