{"id":667,"date":"2005-11-14T23:42:21","date_gmt":"2005-11-14T23:42:21","guid":{"rendered":"http:\/\/junjan.org\/wordpress\/?p=667"},"modified":"2005-11-14T23:42:21","modified_gmt":"2005-11-14T23:42:21","slug":"el_estado_y_los_derechos","status":"publish","type":"post","link":"https:\/\/junjan.org\/wordpress\/2005\/11\/el_estado_y_los_derechos\/","title":{"rendered":"El estado y los derechos"},"content":{"rendered":"<blockquote><p>\n\u00abEl Estado, lejos de ser id\u00e9ntico a la naci\u00f3n, es el protector supremo de una ley que garantiza al hombre sus derechos como hombre, sus derechos como ciudadano y sus derechos como nacional\u00bb.<br \/>\n\u00abLa funci\u00f3n real del Estado es el establecimiento de un orden legal que proteja todos los derechos, y esta funci\u00f3n no se ve afectada en absoluto por el n\u00famero de nacionalidades que encuentren protecci\u00f3n en el marco de sus instituciones legales\u00bb.<br \/>\n\u00abDe estos derechos, s\u00f3lo los derechos del hombre y del ciudadano son derechos primarios, mientras que los derechos de los nacionales se implican y est\u00e1n derivados de aquellos\u00bb.<\/p><\/blockquote>\n<p><strong>Hannah Arendt<\/strong>, <em>Ensayos de comprensi\u00f3n 1930- 1954<\/em>. Extra\u00eddo del art\u00edculo \u00abEl consenso\u00bb:http:\/\/www.elpais.es\/articuloCompleto.html?xref=20051114elpepiopi_6&#038;type=Tes&#038;anchor=elpepiopi&#038;d_date=&#038;t=El_consenso de Alberto Oliart (El Pa\u00eds, secci\u00f3n de pago).<\/p>\n","protected":false},"excerpt":{"rendered":"<p>\u00abEl Estado, lejos de ser id\u00e9ntico a la naci\u00f3n, es el protector supremo de una ley que garantiza al hombre sus derechos como hombre, sus derechos como ciudadano y sus derechos como nacional\u00bb. \u00abLa funci\u00f3n real del Estado es el establecimiento de un orden legal que proteja todos los derechos, y esta funci\u00f3n no se&hellip;&nbsp;<a href=\"https:\/\/junjan.org\/wordpress\/2005\/11\/el_estado_y_los_derechos\/\" rel=\"bookmark\">Leer m\u00e1s &raquo;<span class=\"screen-reader-text\">El estado y los derechos<\/span><\/a><\/p>\n","protected":false},"author":1,"featured_media":0,"comment_status":"open","ping_status":"open","sticky":false,"template":"","format":"standard","meta":{"neve_meta_sidebar":"","neve_meta_container":"","neve_meta_enable_content_width":"","neve_meta_content_width":0,"neve_meta_title_alignment":"","neve_meta_author_avatar":"","neve_post_elements_order":"","neve_meta_disable_header":"","neve_meta_disable_footer":"","neve_meta_disable_title":"","footnotes":""},"categories":[32],"tags":[111],"class_list":["post-667","post","type-post","status-publish","format-standard","hentry","category-frases","tag-derechos-humanos-civiles-estados-estado"],"_links":{"self":[{"href":"https:\/\/junjan.org\/wordpress\/wp-json\/wp\/v2\/posts\/667","targetHints":{"allow":["GET"]}}],"collection":[{"href":"https:\/\/junjan.org\/wordpress\/wp-json\/wp\/v2\/posts"}],"about":[{"href":"https:\/\/junjan.org\/wordpress\/wp-json\/wp\/v2\/types\/post"}],"author":[{"embeddable":true,"href":"https:\/\/junjan.org\/wordpress\/wp-json\/wp\/v2\/users\/1"}],"replies":[{"embeddable":true,"href":"https:\/\/junjan.org\/wordpress\/wp-json\/wp\/v2\/comments?post=667"}],"version-history":[{"count":0,"href":"https:\/\/junjan.org\/wordpress\/wp-json\/wp\/v2\/posts\/667\/revisions"}],"wp:attachment":[{"href":"https:\/\/junjan.org\/wordpress\/wp-json\/wp\/v2\/media?parent=667"}],"wp:term":[{"taxonomy":"category","embeddable":true,"href":"https:\/\/junjan.org\/wordpress\/wp-json\/wp\/v2\/categories?post=667"},{"taxonomy":"post_tag","embeddable":true,"href":"https:\/\/junjan.org\/wordpress\/wp-json\/wp\/v2\/tags?post=667"}],"curies":[{"name":"wp","href":"https:\/\/api.w.org\/{rel}","templated":true}]}}