{"id":668,"date":"2005-11-15T00:58:43","date_gmt":"2005-11-15T00:58:43","guid":{"rendered":"http:\/\/junjan.org\/wordpress\/?p=668"},"modified":"2005-11-15T00:58:43","modified_gmt":"2005-11-15T00:58:43","slug":"sin_imposiciones","status":"publish","type":"post","link":"https:\/\/junjan.org\/wordpress\/2005\/11\/sin_imposiciones\/","title":{"rendered":"Sin imposiciones"},"content":{"rendered":"<p>\u00abUn tribunal permite a profesores vascos no saber euskera\u00bb:http:\/\/www.elpais.es\/articulo\/elpporsoc\/20051114elpepisoc_10\/Tes (El Pais)<\/p>\n<blockquote><p>\n\u00abEl Tribunal Superior de Justicia del Pa\u00eds Vasco ha considerado en una reciente sentencia que es ilegal exigir el m\u00e1ximo conocimiento de euskera a los profesores interinos que imparten clase en castellano porque as\u00ed lo requiere su puesto de trabajo. La sentencia da la raz\u00f3n en parte al recurso presentado por CC OO el a\u00f1o pasado contra un pol\u00e9mico decreto del Gobierno vasco que reclama el conocimiento de euskera en general, desligado de la plaza que va a ocupar el profesor. (&#8230;)<br \/>\nEl fallo detalla que la imposici\u00f3n de dicho perfil ling\u00fc\u00edstico supone una \u00abvulneraci\u00f3n del principio constitucional de igualdad\u00bb en el acceso a la funci\u00f3n p\u00fablica, ya que \u00abresulta cuestionable la exigencia gen\u00e9rica y a priori del segundo perfil, desligada de las plazas que se vayan a ocupar\u00bb. Seg\u00fan el tribunal, la consejer\u00eda de Educaci\u00f3n no ha acreditado que la exigencia de ese perfil est\u00e9 \u00abm\u00ednimamente justificada\u00bb por la realidad de las plazas vacantes que los interinos est\u00e1n llamados a cubrir, en referencia a la situaci\u00f3n de muchos profesores afectados por el decreto que dan clases en castellano porque es lo que demanda la realidad de la zona donde se ubica su colegio.\u00bb<\/p><\/blockquote>\n","protected":false},"excerpt":{"rendered":"<p>\u00abUn tribunal permite a profesores vascos no saber euskera\u00bb:http:\/\/www.elpais.es\/articulo\/elpporsoc\/20051114elpepisoc_10\/Tes (El Pais) \u00abEl Tribunal Superior de Justicia del Pa\u00eds Vasco ha considerado en una reciente sentencia que es ilegal exigir el m\u00e1ximo conocimiento de euskera a los profesores interinos que imparten clase en castellano porque as\u00ed lo requiere su puesto de trabajo. La sentencia da la&hellip;&nbsp;<a href=\"https:\/\/junjan.org\/wordpress\/2005\/11\/sin_imposiciones\/\" rel=\"bookmark\">Leer m\u00e1s &raquo;<span class=\"screen-reader-text\">Sin imposiciones<\/span><\/a><\/p>\n","protected":false},"author":1,"featured_media":0,"comment_status":"open","ping_status":"open","sticky":false,"template":"","format":"standard","meta":{"neve_meta_sidebar":"","neve_meta_container":"","neve_meta_enable_content_width":"","neve_meta_content_width":0,"neve_meta_title_alignment":"","neve_meta_author_avatar":"","neve_post_elements_order":"","neve_meta_disable_header":"","neve_meta_disable_footer":"","neve_meta_disable_title":"","footnotes":""},"categories":[81],"tags":[112],"class_list":["post-668","post","type-post","status-publish","format-standard","hentry","category-revista-de-prensa","tag-lengua-libertad-idiomas"],"_links":{"self":[{"href":"https:\/\/junjan.org\/wordpress\/wp-json\/wp\/v2\/posts\/668","targetHints":{"allow":["GET"]}}],"collection":[{"href":"https:\/\/junjan.org\/wordpress\/wp-json\/wp\/v2\/posts"}],"about":[{"href":"https:\/\/junjan.org\/wordpress\/wp-json\/wp\/v2\/types\/post"}],"author":[{"embeddable":true,"href":"https:\/\/junjan.org\/wordpress\/wp-json\/wp\/v2\/users\/1"}],"replies":[{"embeddable":true,"href":"https:\/\/junjan.org\/wordpress\/wp-json\/wp\/v2\/comments?post=668"}],"version-history":[{"count":0,"href":"https:\/\/junjan.org\/wordpress\/wp-json\/wp\/v2\/posts\/668\/revisions"}],"wp:attachment":[{"href":"https:\/\/junjan.org\/wordpress\/wp-json\/wp\/v2\/media?parent=668"}],"wp:term":[{"taxonomy":"category","embeddable":true,"href":"https:\/\/junjan.org\/wordpress\/wp-json\/wp\/v2\/categories?post=668"},{"taxonomy":"post_tag","embeddable":true,"href":"https:\/\/junjan.org\/wordpress\/wp-json\/wp\/v2\/tags?post=668"}],"curies":[{"name":"wp","href":"https:\/\/api.w.org\/{rel}","templated":true}]}}