{"id":673,"date":"2005-11-22T01:57:25","date_gmt":"2005-11-22T01:57:25","guid":{"rendered":"http:\/\/junjan.org\/wordpress\/?p=673"},"modified":"2005-11-22T01:57:25","modified_gmt":"2005-11-22T01:57:25","slug":"gua_micheln_de_la_guerra_civil","status":"publish","type":"post","link":"https:\/\/junjan.org\/wordpress\/2005\/11\/gua_micheln_de_la_guerra_civil\/","title":{"rendered":"Gu\u00eda Michel\u00edn de la Guerra Civil"},"content":{"rendered":"<blockquote><p>\u00ab<em>P. \u00bfComparte usted la idea de que Catalu\u00f1a ha estado marginada en el reparto de la riqueza de Espa\u00f1a en los \u00faltimos 25 a\u00f1os?<\/em><br \/>\nR. Un dirigente catal\u00e1n dec\u00eda que las autopistas son de peaje en Catalu\u00f1a y en Extremadura, no. \u00a1Pero si en Extremadura no hay autopistas!<br \/>\n<em>P. Tambi\u00e9n dijeron que en Extremadura hab\u00eda un ordenador por alumno y en Catalu\u00f1a no.<\/em><br \/>\nR. Si, pero [en Extremadura] no tienen televisi\u00f3n. Los recursos se ponen donde quiere cada Gobierno aut\u00f3nomo. Eso es la autonom\u00eda. Lo que no se puede es exigir autonom\u00eda y luego criticar a otro porque destina sus fondos a cosas diferentes a las que yo los dedico. Extremadura no gasta dinero en dos canales de televisi\u00f3n y Catalu\u00f1a s\u00ed. Todas esas comparaciones no tienen ning\u00fan sentido. Le voy a explicar un caso para hacerme entender con qu\u00e9 facilidad la gente se desliza por la caricatura. Un intelectual catal\u00e1n, partidario del Estatuto, a quien respeto, escribi\u00f3 un art\u00edculo, pens\u00f3 publicarlo y tuvo la deferencia de envi\u00e1rmelo por correo electr\u00f3nico para que le diera mi opini\u00f3n cr\u00edtica. Leo el art\u00edculo, me parece que tiene cosas muy bien dichas, pero tiene algunas cosas que no. Le llamo por tel\u00e9fono y le digo que hay cosas que no comparto porque me parecen un disparate. \u00ab\u00bfC\u00f3mo cu\u00e1l?\u00bb, me pregunta. \u00ab\u00a1Hombre!, t\u00fa dices en una l\u00ednea que el Estado espa\u00f1ol es excesivamente centralista. \u00bfC\u00f3mo se puede decir eso cuando el Estado central conserva s\u00f3lo el 19,7% del gasto?\u00bb. El hombre me da una explicaci\u00f3n que me deja at\u00f3nito: \u00abVer\u00e1s, no es s\u00f3lo el gasto, es que en Espa\u00f1a todo est\u00e1 centralizado en Madrid. \u00bfT\u00fa crees que es l\u00f3gico que todav\u00eda para ir de Granada a C\u00f3rdoba por carretera haya que pasar por Madrid?\u00bb. Le dije: \u00abT\u00fa tienes la <em>Gu\u00eda Michel\u00edn<\/em> de la Guerra Civil\u00bb. \u00abPero \u00bfqu\u00e9 me dices?\u00bb. \u00abPero \u00bft\u00fa has pasado alguna vez por esa carretera?\u00bb. Me estaba diciendo un intelectual potente, una persona importante, que para ir de Granada a C\u00f3rdoba hay que pasar por Madrid. Bueno, no ha circulado por esa carretera desde hace 100 a\u00f1os. \u00c9sas son las caricaturas a las que me refiero. Todo ese tema de la marginaci\u00f3n, si hacemos un corte importante en la historia, ha habido dos comunidades que se han beneficiado del proceso de industrializaci\u00f3n: Catalu\u00f1a y Pa\u00eds Vasco. \u00bb<\/p><\/blockquote>\n<p><strong>Alfonso Guerra<\/strong> en una entrevista para el [\u00abEl Pa\u00eds\u00bb:http:\/\/www.elpais.es\/articulo\/elpepiesp\/20051120elpepinac_3\/Tes\/Hay%20que%20tirar%20del%20PP%20hacia%20una%20posici%F3n%20com%FAn%20y%20no%20empujarlo%20hacia%20una%20posici%F3n%20radical].<\/p>\n","protected":false},"excerpt":{"rendered":"<p>\u00abP. \u00bfComparte usted la idea de que Catalu\u00f1a ha estado marginada en el reparto de la riqueza de Espa\u00f1a en los \u00faltimos 25 a\u00f1os? R. Un dirigente catal\u00e1n dec\u00eda que las autopistas son de peaje en Catalu\u00f1a y en Extremadura, no. \u00a1Pero si en Extremadura no hay autopistas! P. Tambi\u00e9n dijeron que en Extremadura hab\u00eda&hellip;&nbsp;<a href=\"https:\/\/junjan.org\/wordpress\/2005\/11\/gua_micheln_de_la_guerra_civil\/\" rel=\"bookmark\">Leer m\u00e1s &raquo;<span class=\"screen-reader-text\">Gu\u00eda Michel\u00edn de la Guerra Civil<\/span><\/a><\/p>\n","protected":false},"author":1,"featured_media":0,"comment_status":"open","ping_status":"open","sticky":false,"template":"","format":"standard","meta":{"neve_meta_sidebar":"","neve_meta_container":"","neve_meta_enable_content_width":"","neve_meta_content_width":0,"neve_meta_title_alignment":"","neve_meta_author_avatar":"","neve_post_elements_order":"","neve_meta_disable_header":"","neve_meta_disable_footer":"","neve_meta_disable_title":"","footnotes":""},"categories":[81],"tags":[],"class_list":["post-673","post","type-post","status-publish","format-standard","hentry","category-revista-de-prensa"],"_links":{"self":[{"href":"https:\/\/junjan.org\/wordpress\/wp-json\/wp\/v2\/posts\/673","targetHints":{"allow":["GET"]}}],"collection":[{"href":"https:\/\/junjan.org\/wordpress\/wp-json\/wp\/v2\/posts"}],"about":[{"href":"https:\/\/junjan.org\/wordpress\/wp-json\/wp\/v2\/types\/post"}],"author":[{"embeddable":true,"href":"https:\/\/junjan.org\/wordpress\/wp-json\/wp\/v2\/users\/1"}],"replies":[{"embeddable":true,"href":"https:\/\/junjan.org\/wordpress\/wp-json\/wp\/v2\/comments?post=673"}],"version-history":[{"count":0,"href":"https:\/\/junjan.org\/wordpress\/wp-json\/wp\/v2\/posts\/673\/revisions"}],"wp:attachment":[{"href":"https:\/\/junjan.org\/wordpress\/wp-json\/wp\/v2\/media?parent=673"}],"wp:term":[{"taxonomy":"category","embeddable":true,"href":"https:\/\/junjan.org\/wordpress\/wp-json\/wp\/v2\/categories?post=673"},{"taxonomy":"post_tag","embeddable":true,"href":"https:\/\/junjan.org\/wordpress\/wp-json\/wp\/v2\/tags?post=673"}],"curies":[{"name":"wp","href":"https:\/\/api.w.org\/{rel}","templated":true}]}}