{"id":678,"date":"2005-11-27T01:13:24","date_gmt":"2005-11-27T01:13:24","guid":{"rendered":"http:\/\/junjan.org\/wordpress\/?p=678"},"modified":"2005-11-27T01:13:24","modified_gmt":"2005-11-27T01:13:24","slug":"al_dictado","status":"publish","type":"post","link":"https:\/\/junjan.org\/wordpress\/2005\/11\/al_dictado\/","title":{"rendered":"Al dictado"},"content":{"rendered":"<p>La Asociaci\u00f3n de V\u00edctimas del terrorismo (AVT) trabaja \u00abal dictado\u00bb. La \u00abpol\u00e9mica carta\u00bb:http:\/\/www.elpais.es\/articulo\/elpporesp\/20051126elpepinac_6\/Tes que su presidente, Francisco Jos\u00e9 Alcaraz, envi\u00f3 a diversos organismos internacionales (ONU, UE, menudencias&#8230;) pidiendo que Espa\u00f1a fuera expulsada de los mismos, era un error. Donde dec\u00eda Espa\u00f1a quer\u00eda decir otra cosa:<\/p>\n<blockquote><p>\u00abComo estaba de viaje dict\u00e9 el contenido de la carta por mi tel\u00e9fono m\u00f3vil a una persona de la asociaci\u00f3n que no entendi\u00f3 lo que yo quer\u00eda decir\u00bb.<\/p><\/blockquote>\n<p>\u00bfQui\u00e9n se la dict\u00f3 a \u00e9l?<\/p>\n","protected":false},"excerpt":{"rendered":"<p>La Asociaci\u00f3n de V\u00edctimas del terrorismo (AVT) trabaja \u00abal dictado\u00bb. La \u00abpol\u00e9mica carta\u00bb:http:\/\/www.elpais.es\/articulo\/elpporesp\/20051126elpepinac_6\/Tes que su presidente, Francisco Jos\u00e9 Alcaraz, envi\u00f3 a diversos organismos internacionales (ONU, UE, menudencias&#8230;) pidiendo que Espa\u00f1a fuera expulsada de los mismos, era un error. Donde dec\u00eda Espa\u00f1a quer\u00eda decir otra cosa: \u00abComo estaba de viaje dict\u00e9 el contenido de la carta&hellip;&nbsp;<a href=\"https:\/\/junjan.org\/wordpress\/2005\/11\/al_dictado\/\" rel=\"bookmark\">Leer m\u00e1s &raquo;<span class=\"screen-reader-text\">Al dictado<\/span><\/a><\/p>\n","protected":false},"author":1,"featured_media":0,"comment_status":"open","ping_status":"open","sticky":false,"template":"","format":"standard","meta":{"neve_meta_sidebar":"","neve_meta_container":"","neve_meta_enable_content_width":"","neve_meta_content_width":0,"neve_meta_title_alignment":"","neve_meta_author_avatar":"","neve_post_elements_order":"","neve_meta_disable_header":"","neve_meta_disable_footer":"","neve_meta_disable_title":"","footnotes":""},"categories":[5],"tags":[120],"class_list":["post-678","post","type-post","status-publish","format-standard","hentry","category-actualidad","tag-avt-victimas-terrorismo"],"_links":{"self":[{"href":"https:\/\/junjan.org\/wordpress\/wp-json\/wp\/v2\/posts\/678","targetHints":{"allow":["GET"]}}],"collection":[{"href":"https:\/\/junjan.org\/wordpress\/wp-json\/wp\/v2\/posts"}],"about":[{"href":"https:\/\/junjan.org\/wordpress\/wp-json\/wp\/v2\/types\/post"}],"author":[{"embeddable":true,"href":"https:\/\/junjan.org\/wordpress\/wp-json\/wp\/v2\/users\/1"}],"replies":[{"embeddable":true,"href":"https:\/\/junjan.org\/wordpress\/wp-json\/wp\/v2\/comments?post=678"}],"version-history":[{"count":0,"href":"https:\/\/junjan.org\/wordpress\/wp-json\/wp\/v2\/posts\/678\/revisions"}],"wp:attachment":[{"href":"https:\/\/junjan.org\/wordpress\/wp-json\/wp\/v2\/media?parent=678"}],"wp:term":[{"taxonomy":"category","embeddable":true,"href":"https:\/\/junjan.org\/wordpress\/wp-json\/wp\/v2\/categories?post=678"},{"taxonomy":"post_tag","embeddable":true,"href":"https:\/\/junjan.org\/wordpress\/wp-json\/wp\/v2\/tags?post=678"}],"curies":[{"name":"wp","href":"https:\/\/api.w.org\/{rel}","templated":true}]}}