{"id":682,"date":"2005-11-30T23:12:15","date_gmt":"2005-11-30T23:12:15","guid":{"rendered":"http:\/\/junjan.org\/wordpress\/?p=682"},"modified":"2005-11-30T23:12:15","modified_gmt":"2005-11-30T23:12:15","slug":"vilezas","status":"publish","type":"post","link":"https:\/\/junjan.org\/wordpress\/2005\/11\/vilezas\/","title":{"rendered":"Vilezas"},"content":{"rendered":"<p>Muy acertado art\u00edculo de \u00abEduardo San Mart\u00edn\u00bb:http:\/\/abc.es\/opinion\/index.asp?ff=20051130&#038;idn=712658938410 (ABC), fragmento:<\/p>\n<blockquote><p>\n\u00abEs en ese escenario en el que hacen fortuna los ap\u00f3stoles del ruido, los predicadores de la hip\u00e9rbole y el desprop\u00f3sito, para regocijo de los feligreses que se apuntan a esos bombardeos como si en ellos les fueran la vida y la hacienda, cuando la vida no le va a nadie, y la hacienda, s\u00f3lo a los primeros. Las teor\u00edas conspirativas prosperan frente a explicaciones m\u00e1s articuladas y menos complejas de las conductas humanas. Cuanto m\u00e1s incre\u00edble sea el disparate m\u00e1s adeptos encontrar\u00e1 entre aquellos que no oponen ninguna resistencia a dejarse convencer con tal de que la desmesura de cada d\u00eda encaje en el cuadro desenfocado de la realidad que les han ido construyendo, pieza a pieza, sus estrellas medi\u00e1ticas, culturales o pol\u00edticas. En ocasiones, dec\u00eda Flaubert, \u00ablas palabras suenan como cascado caldero, a cuyos sones se hace bailar osos cuando se pretende conmover a las estrellas\u00bb. Eliminemos la menci\u00f3n a los osos para evitar suspicacias y qued\u00e9monos con el resto.<br \/>\nHay una referencia imprescindible para los tiempos que corren en el caudaloso discurso vertido por don Manuel Aza\u00f1a en las Cortes, el 27 de mayo de 1932, en defensa del Estatuto Catal\u00e1n, una sobresaliente pieza de oratoria parlamentaria que contrasta vivamente con el parloteo hueco que de ordinario se escucha en nuestros d\u00edas desde esos mismos esca\u00f1os; una intervenci\u00f3n cuyos t\u00e9rminos han sido rese\u00f1ados en al menos dos producciones bibliogr\u00e1ficas recientes y cuya actualidad ha sido glosada ya en esta misma tribuna por otros autores. Se trata de una reflexi\u00f3n cuya vigencia, curiosamente, no tiene que ver tanto, que tambi\u00e9n, con la materia misma de aquella sesi\u00f3n \u2014un debate sobre el autogobierno de Catalu\u00f1a tan crispado como el que nos ocupa desde hace meses\u2014, y s\u00ed mucho m\u00e1s con las pu\u00f1aladas verbales que, por lo le\u00eddo, abundaban tambi\u00e9n en aquellos d\u00edas en los que empezaban a esparcirse las simientes de los vientos que despu\u00e9s devendr\u00edan en terrible tempestad. La de la intolerancia entre ellas, y de manera muy principal.<br \/>\nAseguraba el entonces presidente del Consejo de Ministros: \u00abEl mejor modo de conocer la val\u00eda moral de una persona es saber a qu\u00e9 m\u00f3vil atribuye las acciones ajenas. Antes se dec\u00eda: \u00abVil sea el que por vil se tenga\u00bb. Yo digo: vil sea quien atribuye a los dem\u00e1s vileza\u00bb. M\u00e1s de setenta a\u00f1os despu\u00e9s de pronunciadas aquellas palabras certeras, Aza\u00f1a habr\u00eda podido certificar hoy la contumaz perseverancia con la que muchos de nuestros representantes pol\u00edticos, y sus ac\u00f3litos, se aplican a \u00abatribuir vilezas\u00bb a sus adversarios en una pr\u00e1ctica que constituye casi el \u00fanico recurso con el que ocultan la pat\u00e9tica desnudez del discurso propio. Como recuerda Jos\u00e9 Mar\u00eda Ridao en el pr\u00f3logo de Dos visiones de Espa\u00f1a, el presidente del Consejo vivi\u00f3 en aquella jornada una de las apoteosis parlamentarias m\u00e1s sonadas de su carrera pol\u00edtica, pero esa misma noche, en \u00abdi\u00e1logo consigo mismo\u00bb y lejos del estruendo de los aplausos, el intelectual doblado de pol\u00edtico consignar\u00eda con amargura en la intimidad de sus Diarios: \u00abNunca me he visto tan lejos de todo. Ni tan aislado, como una roca en medio de un mar muy bravo\u00bb. Tal vez la vileza de quienes a los dem\u00e1s atribuyen vilezas le devolv\u00eda en el espejo \u00abque hay en el fondo de la sala donde trabajo\u00bb la imagen de aquello en lo que habr\u00eda de convertirse Espa\u00f1a en apenas cuatro a\u00f1os.\u00bb\n<\/p><\/blockquote>\n","protected":false},"excerpt":{"rendered":"<p>Muy acertado art\u00edculo de \u00abEduardo San Mart\u00edn\u00bb:http:\/\/abc.es\/opinion\/index.asp?ff=20051130&#038;idn=712658938410 (ABC), fragmento: \u00abEs en ese escenario en el que hacen fortuna los ap\u00f3stoles del ruido, los predicadores de la hip\u00e9rbole y el desprop\u00f3sito, para regocijo de los feligreses que se apuntan a esos bombardeos como si en ellos les fueran la vida y la hacienda, cuando la vida&hellip;&nbsp;<a href=\"https:\/\/junjan.org\/wordpress\/2005\/11\/vilezas\/\" rel=\"bookmark\">Leer m\u00e1s &raquo;<span class=\"screen-reader-text\">Vilezas<\/span><\/a><\/p>\n","protected":false},"author":1,"featured_media":0,"comment_status":"open","ping_status":"open","sticky":false,"template":"","format":"standard","meta":{"neve_meta_sidebar":"","neve_meta_container":"","neve_meta_enable_content_width":"","neve_meta_content_width":0,"neve_meta_title_alignment":"","neve_meta_author_avatar":"","neve_post_elements_order":"","neve_meta_disable_header":"","neve_meta_disable_footer":"","neve_meta_disable_title":"","footnotes":""},"categories":[81],"tags":[123],"class_list":["post-682","post","type-post","status-publish","format-standard","hentry","category-revista-de-prensa","tag-azana-equidistancia-dialogo"],"_links":{"self":[{"href":"https:\/\/junjan.org\/wordpress\/wp-json\/wp\/v2\/posts\/682","targetHints":{"allow":["GET"]}}],"collection":[{"href":"https:\/\/junjan.org\/wordpress\/wp-json\/wp\/v2\/posts"}],"about":[{"href":"https:\/\/junjan.org\/wordpress\/wp-json\/wp\/v2\/types\/post"}],"author":[{"embeddable":true,"href":"https:\/\/junjan.org\/wordpress\/wp-json\/wp\/v2\/users\/1"}],"replies":[{"embeddable":true,"href":"https:\/\/junjan.org\/wordpress\/wp-json\/wp\/v2\/comments?post=682"}],"version-history":[{"count":0,"href":"https:\/\/junjan.org\/wordpress\/wp-json\/wp\/v2\/posts\/682\/revisions"}],"wp:attachment":[{"href":"https:\/\/junjan.org\/wordpress\/wp-json\/wp\/v2\/media?parent=682"}],"wp:term":[{"taxonomy":"category","embeddable":true,"href":"https:\/\/junjan.org\/wordpress\/wp-json\/wp\/v2\/categories?post=682"},{"taxonomy":"post_tag","embeddable":true,"href":"https:\/\/junjan.org\/wordpress\/wp-json\/wp\/v2\/tags?post=682"}],"curies":[{"name":"wp","href":"https:\/\/api.w.org\/{rel}","templated":true}]}}