{"id":685,"date":"2005-12-06T01:05:35","date_gmt":"2005-12-06T01:05:35","guid":{"rendered":"http:\/\/junjan.org\/wordpress\/?p=685"},"modified":"2005-12-06T01:05:35","modified_gmt":"2005-12-06T01:05:35","slug":"la_directiva_bolkestein","status":"publish","type":"post","link":"https:\/\/junjan.org\/wordpress\/2005\/12\/la_directiva_bolkestein\/","title":{"rendered":"La directiva Bolkestein"},"content":{"rendered":"<p>V\u00eda [\u00abOtroMundoesPosible\u00bb:http:\/\/www.otromundoesposible.com\/?p=403].<\/p>\n<blockquote><p>\n<a href=\"http:\/\/www.stopbolkestein.org\/index.cfm?P_ID=6&#038;Content_ID=6000\"><img loading=\"lazy\" decoding=\"async\" alt=\"stop-bolkestein.png\" src=\"http:\/\/www.junjan.org\/weblog\/images\/stop-bolkestein.png\" width=\"400\" height=\"200\" \/><\/a><br \/>\n<strong>NO a una Europa del retroceso social<br \/>\nNO a una Europa de regresi\u00f3n educativa<\/strong><br \/>\nPor iniciativa del anterior comisario europeo Frits Bolkestein (liberal holand\u00e9s) se est\u00e1 estudiando en la actualidad un proyecto de directiva (ley europea) sobre la libre circulaci\u00f3n de los servicios en los pa\u00edses de la Uni\u00f3n Europea  [\u00abtexto de la propuesta de directiva\u00bb:http:\/\/europa.eu.int\/eur-lex\/es\/com\/pdf\/2004\/com2004_0002es01.pdf] PDF)<br \/>\nEsta directiva europea, de llegar a ser adoptada, tendr\u00eda como consecuencia que todos los servicios suministrados en la Uni\u00f3n Europea ser\u00edan considerados como cualquier producto econ\u00f3mico. De esta forma, sectores esenciales como la cultura, la educaci\u00f3n, la atenci\u00f3n sanitaria y todos los servicios dependientes de los sistemas nacionales de protecci\u00f3n social podr\u00edan estar sujetos a las mismas formas de competencia econ\u00f3mica que las mercanc\u00edas.<br \/>\nEsta evoluci\u00f3n supondr\u00eda inevitablemente el deterioro de los sistemas p\u00fablicos de pensiones, de las ayudas sociales o del sistema sanitario, en favor de los sistemas privados. Igualmente significar\u00eda la desregulaci\u00f3n de nuestros sistemas educativos y el final de toda forma de excepci\u00f3n cultural. Adem\u00e1s, la aplicaci\u00f3n de esta directiva pondr\u00eda en cuesti\u00f3n los derechos de los trabajadores consagrados por las leyes nacionales de los pa\u00edses de la Uni\u00f3n.<br \/>\nDesde el pasado Marzo, algunos partidos pol\u00edticos e instancias nacionales europeas (asociaciones, sindicatos, etc) hab\u00edan hecho sonar la alarma e invocado a la movilizaci\u00f3n de las fuerzas progresistas para luchar contra este proyecto de Directiva que entra\u00f1a una regresi\u00f3n social.<br \/>\nA pesar de estos esfuerzos, una gran mayor\u00eda de Estados miembros se muestra hoy d\u00eda favorable a la adopci\u00f3n inmediata de este proyecto de Directiva. Se trata de una decisi\u00f3n que no precisa unanimidad por lo que ning\u00fan gobierno, y menos todav\u00eda un partido pol\u00edtico, puede impedir por s\u00ed solo la adopci\u00f3n de esta Directiva.<br \/>\nDe esta manera, s\u00f3lo una fuerte movilizaci\u00f3n de la sociedad civil dentro de la Uni\u00f3n  podr\u00eda impedir este desar rollo.<br \/>\nEs urgente reaccionar.<\/p><\/blockquote>\n<p>&#8211; \u00abFirma la petici\u00f3n electr\u00f3nica\u00bb:http:\/\/www.stopbolkestein.org\/index.cfm?Content_ID=6782868<br \/>\n&#8211; \u00abQu\u00e9jate a los eurodiputados espa\u00f1oles\u00bb:http:\/\/www.otromundoesposible.com\/?p=403 (OtroMundoesPosible)<br \/>\n&#8211; \u00abLa directiva Bolkestein\u00bb:http:\/\/www.lainsignia.org\/2004\/octubre\/econ_017.htm (La Insignia)<br \/>\n&#8211; \u00abManifiesto del Comit\u00e9 de Apoyo contra la directiva Bolkestein\u00bb:http:\/\/www.attacmadrid.org\/d\/6\/051007130011.php (AttacMadrid)<\/p>\n","protected":false},"excerpt":{"rendered":"<p>V\u00eda [\u00abOtroMundoesPosible\u00bb:http:\/\/www.otromundoesposible.com\/?p=403]. NO a una Europa del retroceso social NO a una Europa de regresi\u00f3n educativa Por iniciativa del anterior comisario europeo Frits Bolkestein (liberal holand\u00e9s) se est\u00e1 estudiando en la actualidad un proyecto de directiva (ley europea) sobre la libre circulaci\u00f3n de los servicios en los pa\u00edses de la Uni\u00f3n Europea [\u00abtexto de la&hellip;&nbsp;<a href=\"https:\/\/junjan.org\/wordpress\/2005\/12\/la_directiva_bolkestein\/\" rel=\"bookmark\">Leer m\u00e1s &raquo;<span class=\"screen-reader-text\">La directiva Bolkestein<\/span><\/a><\/p>\n","protected":false},"author":1,"featured_media":0,"comment_status":"open","ping_status":"open","sticky":false,"template":"","format":"standard","meta":{"neve_meta_sidebar":"","neve_meta_container":"","neve_meta_enable_content_width":"","neve_meta_content_width":0,"neve_meta_title_alignment":"","neve_meta_author_avatar":"","neve_post_elements_order":"","neve_meta_disable_header":"","neve_meta_disable_footer":"","neve_meta_disable_title":"","footnotes":""},"categories":[5],"tags":[126],"class_list":["post-685","post","type-post","status-publish","format-standard","hentry","category-actualidad","tag-bolkestein-servicios-sociales-neoliberalismo-sindicatos"],"_links":{"self":[{"href":"https:\/\/junjan.org\/wordpress\/wp-json\/wp\/v2\/posts\/685","targetHints":{"allow":["GET"]}}],"collection":[{"href":"https:\/\/junjan.org\/wordpress\/wp-json\/wp\/v2\/posts"}],"about":[{"href":"https:\/\/junjan.org\/wordpress\/wp-json\/wp\/v2\/types\/post"}],"author":[{"embeddable":true,"href":"https:\/\/junjan.org\/wordpress\/wp-json\/wp\/v2\/users\/1"}],"replies":[{"embeddable":true,"href":"https:\/\/junjan.org\/wordpress\/wp-json\/wp\/v2\/comments?post=685"}],"version-history":[{"count":0,"href":"https:\/\/junjan.org\/wordpress\/wp-json\/wp\/v2\/posts\/685\/revisions"}],"wp:attachment":[{"href":"https:\/\/junjan.org\/wordpress\/wp-json\/wp\/v2\/media?parent=685"}],"wp:term":[{"taxonomy":"category","embeddable":true,"href":"https:\/\/junjan.org\/wordpress\/wp-json\/wp\/v2\/categories?post=685"},{"taxonomy":"post_tag","embeddable":true,"href":"https:\/\/junjan.org\/wordpress\/wp-json\/wp\/v2\/tags?post=685"}],"curies":[{"name":"wp","href":"https:\/\/api.w.org\/{rel}","templated":true}]}}