{"id":695,"date":"2005-12-20T20:18:55","date_gmt":"2005-12-20T20:18:55","guid":{"rendered":"http:\/\/junjan.org\/wordpress\/?p=695"},"modified":"2005-12-20T20:18:55","modified_gmt":"2005-12-20T20:18:55","slug":"el_da_de_la_bestia","status":"publish","type":"post","link":"https:\/\/junjan.org\/wordpress\/2005\/12\/el_da_de_la_bestia\/","title":{"rendered":"El d\u00eda de la bestia"},"content":{"rendered":"<p>Como en la pel\u00edcula pero cambiando Madrid por Barcelona, unos j\u00f3venes apalearon a una mendiga en un cajero autom\u00e1tico, la rociaron con l\u00edquido inflamable, la prendieron fuego, muri\u00f3. En vez de los aterrados ojos de Alex Angulo, la c\u00e1mara del cajero retrat\u00f3 la escena.<br \/>\nLos asesinos [\u00abhan declarado\u00bb:http:\/\/www.elpais.es\/articulo\/elpporesp\/20051220elpepunac_6\/Tes\/] que:<\/p>\n<blockquote><p>\u201cSe les fue la mano\u201d, y que \u201cno quer\u00edan hacer tanto da\u00f1o como hicieron\u201d.<\/p><\/blockquote>\n<p>Como cuando te pasas de sal en un guiso, se les fue la mano. Tristes tiempos los nuestros.<\/p>\n","protected":false},"excerpt":{"rendered":"<p>Como en la pel\u00edcula pero cambiando Madrid por Barcelona, unos j\u00f3venes apalearon a una mendiga en un cajero autom\u00e1tico, la rociaron con l\u00edquido inflamable, la prendieron fuego, muri\u00f3. En vez de los aterrados ojos de Alex Angulo, la c\u00e1mara del cajero retrat\u00f3 la escena. Los asesinos [\u00abhan declarado\u00bb:http:\/\/www.elpais.es\/articulo\/elpporesp\/20051220elpepunac_6\/Tes\/] que: \u201cSe les fue la mano\u201d, y&hellip;&nbsp;<a href=\"https:\/\/junjan.org\/wordpress\/2005\/12\/el_da_de_la_bestia\/\" rel=\"bookmark\">Leer m\u00e1s &raquo;<span class=\"screen-reader-text\">El d\u00eda de la bestia<\/span><\/a><\/p>\n","protected":false},"author":1,"featured_media":0,"comment_status":"open","ping_status":"open","sticky":false,"template":"","format":"standard","meta":{"neve_meta_sidebar":"","neve_meta_container":"","neve_meta_enable_content_width":"","neve_meta_content_width":0,"neve_meta_title_alignment":"","neve_meta_author_avatar":"","neve_post_elements_order":"","neve_meta_disable_header":"","neve_meta_disable_footer":"","neve_meta_disable_title":"","footnotes":""},"categories":[5],"tags":[134],"class_list":["post-695","post","type-post","status-publish","format-standard","hentry","category-actualidad","tag-barcelona-indigentes-mendigos-fuego-bandalos-nazis"],"_links":{"self":[{"href":"https:\/\/junjan.org\/wordpress\/wp-json\/wp\/v2\/posts\/695","targetHints":{"allow":["GET"]}}],"collection":[{"href":"https:\/\/junjan.org\/wordpress\/wp-json\/wp\/v2\/posts"}],"about":[{"href":"https:\/\/junjan.org\/wordpress\/wp-json\/wp\/v2\/types\/post"}],"author":[{"embeddable":true,"href":"https:\/\/junjan.org\/wordpress\/wp-json\/wp\/v2\/users\/1"}],"replies":[{"embeddable":true,"href":"https:\/\/junjan.org\/wordpress\/wp-json\/wp\/v2\/comments?post=695"}],"version-history":[{"count":0,"href":"https:\/\/junjan.org\/wordpress\/wp-json\/wp\/v2\/posts\/695\/revisions"}],"wp:attachment":[{"href":"https:\/\/junjan.org\/wordpress\/wp-json\/wp\/v2\/media?parent=695"}],"wp:term":[{"taxonomy":"category","embeddable":true,"href":"https:\/\/junjan.org\/wordpress\/wp-json\/wp\/v2\/categories?post=695"},{"taxonomy":"post_tag","embeddable":true,"href":"https:\/\/junjan.org\/wordpress\/wp-json\/wp\/v2\/tags?post=695"}],"curies":[{"name":"wp","href":"https:\/\/api.w.org\/{rel}","templated":true}]}}