{"id":696,"date":"2005-12-21T22:22:48","date_gmt":"2005-12-21T22:22:48","guid":{"rendered":"http:\/\/junjan.org\/wordpress\/?p=696"},"modified":"2013-02-14T01:23:40","modified_gmt":"2013-02-14T00:23:40","slug":"las_bromas_de_la_cope","status":"publish","type":"post","link":"https:\/\/junjan.org\/wordpress\/2005\/12\/las_bromas_de_la_cope\/","title":{"rendered":"Las bromas de la COPE"},"content":{"rendered":"<p><a href=\"http:\/\/periodistas21.blogspot.com\/2005\/12\/las-bromas-tendenciosas-de-la-cope.html\" target=\"_blank\">Las bromas tendenciosas de la Cope<\/a>\u00a0(Periodistas 21)<\/p>\n<blockquote><p>La Cope y sus responsables vuelven a sumirse en el exceso y a confundir s\u00e1tira, informaci\u00f3n y opini\u00f3n en un revoltijo que repugna. Parecen empe\u00f1ados en dar la raz\u00f3n a quienes emplean c\u00f3digos y reglamentaciones excesivas contra ellos, seguramente porque en el victimismo y la confusi\u00f3n encuentran su mejor justificaci\u00f3n.<br \/>\nEl mal gusto de la Cope es indudable, como sus excesos. Y no basta con no escucharlos. Este suceso es otro episodio del abuso de determinadas t\u00e9cnicas que s\u00f3lo deben ser empleadas con mucha mesura y objetivos justos. Y luego algunos reaccionan, se endurecen las leyes, aumenta su intepretaci\u00f3n restrictiva y los poderes cargan contra los medios y los profesionales.<br \/>\nY esa reacci\u00f3n nos afecta a todos, profesionales y ciudadanos, por eso los abusos de unos acaban siendo la condena de todos.<\/p><\/blockquote>\n<p><a href=\"http:\/\/www.lamanana.com.es\/audios\/risa-211205.mp3\" target=\"_blank\">Enlace al archivo de sonido<\/a>\u00a0(Mp3)<\/p>\n","protected":false},"excerpt":{"rendered":"<p>Las bromas tendenciosas de la Cope\u00a0(Periodistas 21) La Cope y sus responsables vuelven a sumirse en el exceso y a confundir s\u00e1tira, informaci\u00f3n y opini\u00f3n en un revoltijo que repugna. Parecen empe\u00f1ados en dar la raz\u00f3n a quienes emplean c\u00f3digos y reglamentaciones excesivas contra ellos, seguramente porque en el victimismo y la confusi\u00f3n encuentran su&hellip;&nbsp;<a href=\"https:\/\/junjan.org\/wordpress\/2005\/12\/las_bromas_de_la_cope\/\" rel=\"bookmark\">Leer m\u00e1s &raquo;<span class=\"screen-reader-text\">Las bromas de la COPE<\/span><\/a><\/p>\n","protected":false},"author":1,"featured_media":0,"comment_status":"open","ping_status":"open","sticky":false,"template":"","format":"standard","meta":{"neve_meta_sidebar":"","neve_meta_container":"","neve_meta_enable_content_width":"","neve_meta_content_width":0,"neve_meta_title_alignment":"","neve_meta_author_avatar":"","neve_post_elements_order":"","neve_meta_disable_header":"","neve_meta_disable_footer":"","neve_meta_disable_title":"","footnotes":""},"categories":[5],"tags":[929,734,640,499],"class_list":["post-696","post","type-post","status-publish","format-standard","hentry","category-actualidad","tag-cope","tag-losantos","tag-manipulacion","tag-zapatero"],"_links":{"self":[{"href":"https:\/\/junjan.org\/wordpress\/wp-json\/wp\/v2\/posts\/696","targetHints":{"allow":["GET"]}}],"collection":[{"href":"https:\/\/junjan.org\/wordpress\/wp-json\/wp\/v2\/posts"}],"about":[{"href":"https:\/\/junjan.org\/wordpress\/wp-json\/wp\/v2\/types\/post"}],"author":[{"embeddable":true,"href":"https:\/\/junjan.org\/wordpress\/wp-json\/wp\/v2\/users\/1"}],"replies":[{"embeddable":true,"href":"https:\/\/junjan.org\/wordpress\/wp-json\/wp\/v2\/comments?post=696"}],"version-history":[{"count":2,"href":"https:\/\/junjan.org\/wordpress\/wp-json\/wp\/v2\/posts\/696\/revisions"}],"predecessor-version":[{"id":2297,"href":"https:\/\/junjan.org\/wordpress\/wp-json\/wp\/v2\/posts\/696\/revisions\/2297"}],"wp:attachment":[{"href":"https:\/\/junjan.org\/wordpress\/wp-json\/wp\/v2\/media?parent=696"}],"wp:term":[{"taxonomy":"category","embeddable":true,"href":"https:\/\/junjan.org\/wordpress\/wp-json\/wp\/v2\/categories?post=696"},{"taxonomy":"post_tag","embeddable":true,"href":"https:\/\/junjan.org\/wordpress\/wp-json\/wp\/v2\/tags?post=696"}],"curies":[{"name":"wp","href":"https:\/\/api.w.org\/{rel}","templated":true}]}}