{"id":701,"date":"2005-12-29T01:50:32","date_gmt":"2005-12-29T01:50:32","guid":{"rendered":"http:\/\/junjan.org\/wordpress\/?p=701"},"modified":"2005-12-29T01:50:32","modified_gmt":"2005-12-29T01:50:32","slug":"rapidez_informativa","status":"publish","type":"post","link":"https:\/\/junjan.org\/wordpress\/2005\/12\/rapidez_informativa\/","title":{"rendered":"Rapidez informativa"},"content":{"rendered":"<p>El asunto de la fragata espa\u00f1ola en Irak acaba de llegar a la primera divisi\u00f3n de la prensa. Tras meses de circulaci\u00f3n \u00aben la blogosfera\u00bb:http:\/\/www.technorati.com\/search\/fragata+baz%C3%A1n?start=80 (yo me hice eco bastante tarde el [\u00ab8 de noviembre\u00bb:http:\/\/www.junjan.org\/weblog\/archives\/2005\/11\/08\/sin_permiso_del_parlamento.html]) y por [\u00abperi\u00f3dicos provinciales\u00bb:http:\/\/www.lavozdegalicia.es\/inicio\/noticia.jsp?CAT=126&#038;TEXTO=4159081], por fin llega al \u00ab[\u00abmainstream\u00bb:http:\/\/www.elmundo.es\/elmundo\/2005\/12\/27\/espana\/1135644547.html]\u00bb como si hubiera sido un \u00abteletipo\u00bb reci\u00e9n llegado del Golfo P\u00e9rsico.<br \/>\n\u00bfSer\u00e1 que por fin es el momento oportuno? \u00bfYa toca?<\/p>\n","protected":false},"excerpt":{"rendered":"<p>El asunto de la fragata espa\u00f1ola en Irak acaba de llegar a la primera divisi\u00f3n de la prensa. Tras meses de circulaci\u00f3n \u00aben la blogosfera\u00bb:http:\/\/www.technorati.com\/search\/fragata+baz%C3%A1n?start=80 (yo me hice eco bastante tarde el [\u00ab8 de noviembre\u00bb:http:\/\/www.junjan.org\/weblog\/archives\/2005\/11\/08\/sin_permiso_del_parlamento.html]) y por [\u00abperi\u00f3dicos provinciales\u00bb:http:\/\/www.lavozdegalicia.es\/inicio\/noticia.jsp?CAT=126&#038;TEXTO=4159081], por fin llega al \u00ab[\u00abmainstream\u00bb:http:\/\/www.elmundo.es\/elmundo\/2005\/12\/27\/espana\/1135644547.html]\u00bb como si hubiera sido un \u00abteletipo\u00bb reci\u00e9n llegado del Golfo P\u00e9rsico.&hellip;&nbsp;<a href=\"https:\/\/junjan.org\/wordpress\/2005\/12\/rapidez_informativa\/\" rel=\"bookmark\">Leer m\u00e1s &raquo;<span class=\"screen-reader-text\">Rapidez informativa<\/span><\/a><\/p>\n","protected":false},"author":1,"featured_media":0,"comment_status":"open","ping_status":"open","sticky":false,"template":"","format":"standard","meta":{"neve_meta_sidebar":"","neve_meta_container":"","neve_meta_enable_content_width":"","neve_meta_content_width":0,"neve_meta_title_alignment":"","neve_meta_author_avatar":"","neve_post_elements_order":"","neve_meta_disable_header":"","neve_meta_disable_footer":"","neve_meta_disable_title":"","footnotes":""},"categories":[84],"tags":[140],"class_list":["post-701","post","type-post","status-publish","format-standard","hentry","category-divagaciones","tag-fragata-alvaro-bazan-iraq-irak"],"_links":{"self":[{"href":"https:\/\/junjan.org\/wordpress\/wp-json\/wp\/v2\/posts\/701","targetHints":{"allow":["GET"]}}],"collection":[{"href":"https:\/\/junjan.org\/wordpress\/wp-json\/wp\/v2\/posts"}],"about":[{"href":"https:\/\/junjan.org\/wordpress\/wp-json\/wp\/v2\/types\/post"}],"author":[{"embeddable":true,"href":"https:\/\/junjan.org\/wordpress\/wp-json\/wp\/v2\/users\/1"}],"replies":[{"embeddable":true,"href":"https:\/\/junjan.org\/wordpress\/wp-json\/wp\/v2\/comments?post=701"}],"version-history":[{"count":0,"href":"https:\/\/junjan.org\/wordpress\/wp-json\/wp\/v2\/posts\/701\/revisions"}],"wp:attachment":[{"href":"https:\/\/junjan.org\/wordpress\/wp-json\/wp\/v2\/media?parent=701"}],"wp:term":[{"taxonomy":"category","embeddable":true,"href":"https:\/\/junjan.org\/wordpress\/wp-json\/wp\/v2\/categories?post=701"},{"taxonomy":"post_tag","embeddable":true,"href":"https:\/\/junjan.org\/wordpress\/wp-json\/wp\/v2\/tags?post=701"}],"curies":[{"name":"wp","href":"https:\/\/api.w.org\/{rel}","templated":true}]}}