{"id":702,"date":"2006-01-06T20:55:42","date_gmt":"2006-01-06T20:55:42","guid":{"rendered":"http:\/\/junjan.org\/wordpress\/?p=702"},"modified":"2006-01-06T20:55:42","modified_gmt":"2006-01-06T20:55:42","slug":"la_insignia_anuncia_su_cierre","status":"publish","type":"post","link":"https:\/\/junjan.org\/wordpress\/2006\/01\/la_insignia_anuncia_su_cierre\/","title":{"rendered":"La Insignia anuncia su cierre"},"content":{"rendered":"<p>No inmediato, pero lo anuncia para Marzo de 2007. [\u00abAqu\u00ed est\u00e1n sus razones\u00bb:http:\/\/www.lainsignia.org\/2005\/diciembre\/cul_032.htm]:<\/p>\n<blockquote><p>\n\u00abSin embargo, el cap\u00edtulo de las contradicciones tiene fragmentos que no son tan f\u00e1cilmente asumibles. Este peri\u00f3dico, con sus cientos de miles de lectores al mes (cifra ya cercana al mill\u00f3n), con todo su alcance e incluso su importancia relativa como nexo de otros medios, con sus docenas de colaboradores directos y otras tantas de ocasionales, vive del dinero de una inmigrante ilegal en paro, de un espa\u00f1ol perteneciente a ese 44% de ciudadanos de mi pa\u00eds que ni siquiera ganan para tomarse una semana de vacaciones al a\u00f1o y de otra compatriota, en id\u00e9nticas circunstancias, que elige viajar y por tanto no come. A veces, pocas, se suma alg\u00fan lector tan arruinado como nosotros. El resto son un amigo de Uruguay y dos espa\u00f1oles m\u00e1s a los que quiero mencionar hoy porque, frente a tanta ceguera, insolidaridad y en ocasiones desfachatez, nos han apoyado siempre: Carlos y Mar\u00eda \u00c1ngeles, de Madrid y Barcelona, respectivamente. Feliz a\u00f1o y mejor vida, compa\u00f1eros.<br \/>\nPor nuestra parte, consideramos que si las cosas han llegado a este punto, si todo se reduce a que unos pocos trabajadores sin casa y sin presupuesto para llegar al d\u00eda siguiente financien universos simb\u00f3licos incapaces -a su vez- de echar una miserable mano, ha llegado la hora de un gesto no menos militante que la existencia de La Insignia: su cierre.<br \/>\nLa decisi\u00f3n est\u00e1 tomada. Quedan quince meses por delante, tiempo de sobra para completar el ciclo e incluso tambi\u00e9n para que cambien las circunstancias del medio y, en consecuencia, nuestros planes. Dudo que esto \u00faltimo sea posible. Me gustar\u00eda equivocarme.\u00bb<\/p><\/blockquote>\n<p>Recae gran parte de la responsabilidad sobre sus no demasiado agradecidos lectores, entre los que me incluyo. Puede que estemos tan acostumbrados a la gratuidad de los medios en internet que la colaboraci\u00f3n econ\u00f3mica nos asuste, pero, \u00bfno podemos replantearnoslo? \u00bfEs imposible que ayudemos a sufragar un medio que se atreve a publicar lo que nos interesa sin apoyos y sin publicidad?<br \/>\nCreo que no es imposible. Si medios como \u00abZnet\u00bb:http:\/\/www.zmag.org\/weluser.htm lo consiguen, \u00bfno ser\u00e1 el momento de que nosotros ayudemos a que [\u00abLa Insignia lo consiga\u00bb:http:\/\/www.lainsignia.org\/donaciones.html]?<\/p>\n","protected":false},"excerpt":{"rendered":"<p>No inmediato, pero lo anuncia para Marzo de 2007. [\u00abAqu\u00ed est\u00e1n sus razones\u00bb:http:\/\/www.lainsignia.org\/2005\/diciembre\/cul_032.htm]: \u00abSin embargo, el cap\u00edtulo de las contradicciones tiene fragmentos que no son tan f\u00e1cilmente asumibles. Este peri\u00f3dico, con sus cientos de miles de lectores al mes (cifra ya cercana al mill\u00f3n), con todo su alcance e incluso su importancia relativa como nexo&hellip;&nbsp;<a href=\"https:\/\/junjan.org\/wordpress\/2006\/01\/la_insignia_anuncia_su_cierre\/\" rel=\"bookmark\">Leer m\u00e1s &raquo;<span class=\"screen-reader-text\">La Insignia anuncia su cierre<\/span><\/a><\/p>\n","protected":false},"author":1,"featured_media":0,"comment_status":"open","ping_status":"open","sticky":false,"template":"","format":"standard","meta":{"neve_meta_sidebar":"","neve_meta_container":"","neve_meta_enable_content_width":"","neve_meta_content_width":0,"neve_meta_title_alignment":"","neve_meta_author_avatar":"","neve_post_elements_order":"","neve_meta_disable_header":"","neve_meta_disable_footer":"","neve_meta_disable_title":"","footnotes":""},"categories":[5],"tags":[],"class_list":["post-702","post","type-post","status-publish","format-standard","hentry","category-actualidad"],"_links":{"self":[{"href":"https:\/\/junjan.org\/wordpress\/wp-json\/wp\/v2\/posts\/702","targetHints":{"allow":["GET"]}}],"collection":[{"href":"https:\/\/junjan.org\/wordpress\/wp-json\/wp\/v2\/posts"}],"about":[{"href":"https:\/\/junjan.org\/wordpress\/wp-json\/wp\/v2\/types\/post"}],"author":[{"embeddable":true,"href":"https:\/\/junjan.org\/wordpress\/wp-json\/wp\/v2\/users\/1"}],"replies":[{"embeddable":true,"href":"https:\/\/junjan.org\/wordpress\/wp-json\/wp\/v2\/comments?post=702"}],"version-history":[{"count":0,"href":"https:\/\/junjan.org\/wordpress\/wp-json\/wp\/v2\/posts\/702\/revisions"}],"wp:attachment":[{"href":"https:\/\/junjan.org\/wordpress\/wp-json\/wp\/v2\/media?parent=702"}],"wp:term":[{"taxonomy":"category","embeddable":true,"href":"https:\/\/junjan.org\/wordpress\/wp-json\/wp\/v2\/categories?post=702"},{"taxonomy":"post_tag","embeddable":true,"href":"https:\/\/junjan.org\/wordpress\/wp-json\/wp\/v2\/tags?post=702"}],"curies":[{"name":"wp","href":"https:\/\/api.w.org\/{rel}","templated":true}]}}