{"id":703,"date":"2006-01-08T18:58:28","date_gmt":"2006-01-08T18:58:28","guid":{"rendered":"http:\/\/junjan.org\/wordpress\/?p=703"},"modified":"2006-01-08T18:58:28","modified_gmt":"2006-01-08T18:58:28","slug":"de_jersis_y_uniformes","status":"publish","type":"post","link":"https:\/\/junjan.org\/wordpress\/2006\/01\/de_jersis_y_uniformes\/","title":{"rendered":"De jers\u00e9is y uniformes"},"content":{"rendered":"<p>Leyendo los medios conservadores de estos d\u00edas me llega un tufo m\u00e1s profundo de lo normal que mezcla los reconocibles olores de las rancias costumbres se\u00f1oriales, del colonialismo racista y del honor herido castrense. El racismo y el clasismo provincianos  que se mofan del jersey de Evo Morales y lo ven como el s\u00edmbolo de un \u201csin papeles\u201d ind\u00edgena y cutre ^(1)^, inquietante e ignorante ^(2)^. La defensa del significado literal del discurso del teniente general Mena, ignorando a sabiendas las amenazas impl\u00edcitas de usar la fuerza sin  el permiso del parlamento ^(3)^ y evocando el orgullo herido de un soldado leal, simple y preocupado por \u201cla patria\u201d ^(4)^, \u00a1bien por Mena! ^(5)^.<br \/>\nOlor que todos reconocemos, fermentado cuarenta a\u00f1os y vuelto a embotellar con nuevos sellos y corchos, queriendo enga\u00f1ar a nuestro olfato con gotas de \u201cViva de Constituci\u00f3n\u201d, pero inconfundible.<br \/>\n^(1)^ \u00abMi chaleco de ind\u00edgena\u00bb:http:\/\/www.abc.es\/opinion\/index.asp?ff=20060106&#038;idn=1313483177564 (ABC)<br \/>\n^(2)^ \u00abEl nuevo Ch\u00e9 Guevara\u00bb:http:\/\/libertaddigital.com\/opiniones\/opi_desa_29039.html (Libertad Digital)<br \/>\n^(3)^ \u00abLo de Mena me da miedo\u00bb:http:\/\/www.abc.es\/opinion\/index.asp?ff=20060108&#038;idn=1313548060894 (ABC)<br \/>\n^(4)^ \u00abLa lealtad sancionada\u00bb:http:\/\/libertaddigital.com\/opiniones\/opi_desa_29045.html (Libertad Digital)<br \/>\n^(5)^ \u00abBien por Mena\u00bb:http:\/\/batiburrillo.redliberal.com\/006372.html (Batiburrillo \u2013 Red Liberal)<\/p>\n","protected":false},"excerpt":{"rendered":"<p>Leyendo los medios conservadores de estos d\u00edas me llega un tufo m\u00e1s profundo de lo normal que mezcla los reconocibles olores de las rancias costumbres se\u00f1oriales, del colonialismo racista y del honor herido castrense. El racismo y el clasismo provincianos que se mofan del jersey de Evo Morales y lo ven como el s\u00edmbolo de&hellip;&nbsp;<a href=\"https:\/\/junjan.org\/wordpress\/2006\/01\/de_jersis_y_uniformes\/\" rel=\"bookmark\">Leer m\u00e1s &raquo;<span class=\"screen-reader-text\">De jers\u00e9is y uniformes<\/span><\/a><\/p>\n","protected":false},"author":1,"featured_media":0,"comment_status":"open","ping_status":"open","sticky":false,"template":"","format":"standard","meta":{"neve_meta_sidebar":"","neve_meta_container":"","neve_meta_enable_content_width":"","neve_meta_content_width":0,"neve_meta_title_alignment":"","neve_meta_author_avatar":"","neve_post_elements_order":"","neve_meta_disable_header":"","neve_meta_disable_footer":"","neve_meta_disable_title":"","footnotes":""},"categories":[9],"tags":[141],"class_list":["post-703","post","type-post","status-publish","format-standard","hentry","category-opinion","tag-mena-evo-morales-ejercito-general-conservadores-fascistas"],"_links":{"self":[{"href":"https:\/\/junjan.org\/wordpress\/wp-json\/wp\/v2\/posts\/703","targetHints":{"allow":["GET"]}}],"collection":[{"href":"https:\/\/junjan.org\/wordpress\/wp-json\/wp\/v2\/posts"}],"about":[{"href":"https:\/\/junjan.org\/wordpress\/wp-json\/wp\/v2\/types\/post"}],"author":[{"embeddable":true,"href":"https:\/\/junjan.org\/wordpress\/wp-json\/wp\/v2\/users\/1"}],"replies":[{"embeddable":true,"href":"https:\/\/junjan.org\/wordpress\/wp-json\/wp\/v2\/comments?post=703"}],"version-history":[{"count":0,"href":"https:\/\/junjan.org\/wordpress\/wp-json\/wp\/v2\/posts\/703\/revisions"}],"wp:attachment":[{"href":"https:\/\/junjan.org\/wordpress\/wp-json\/wp\/v2\/media?parent=703"}],"wp:term":[{"taxonomy":"category","embeddable":true,"href":"https:\/\/junjan.org\/wordpress\/wp-json\/wp\/v2\/categories?post=703"},{"taxonomy":"post_tag","embeddable":true,"href":"https:\/\/junjan.org\/wordpress\/wp-json\/wp\/v2\/tags?post=703"}],"curies":[{"name":"wp","href":"https:\/\/api.w.org\/{rel}","templated":true}]}}