{"id":704,"date":"2006-01-09T23:05:07","date_gmt":"2006-01-09T22:05:07","guid":{"rendered":"http:\/\/junjan.org\/wordpress\/?p=704"},"modified":"2011-05-24T23:08:43","modified_gmt":"2011-05-24T21:08:43","slug":"realidades_paralelas_iii","status":"publish","type":"post","link":"https:\/\/junjan.org\/wordpress\/2006\/01\/realidades_paralelas_iii\/","title":{"rendered":"Realidades paralelas III"},"content":{"rendered":"<p>El ya tradicional deporte de inventarse los asistentes a manifestaciones en otro de sus apasionantes cap\u00edtulos, ahora en Bilbao.<br \/>\nNoticia en [\u00abEl Mundo\u00bb:http:\/\/elmundo.es\/elmundo\/2006\/01\/07\/espana\/1136660897.html], agencia EFE. Similar en el resto de los medios nacionales.<\/p>\n<blockquote><p>\u00abVarios miles de personas se han manifestado en Bilbao convocados por el Foro Ibaeta, que integra a sindicatos y a organizaciones de la izquierda abertzale, en defensa de los derechos de los presos de ETA y en contra de su dispersi\u00f3n en las distintas c\u00e1rceles espa\u00f1olas&#8230;<br \/>\nLa marcha parti\u00f3 a las cinco de la tarde de la plaza Aita Donostia de Bilbao y aglutin\u00f3 a una multitud a lo largo de la calle Autonom\u00eda de Bilbao hasta llegar al edificio del Ayuntamiento, dos horas despu\u00e9s.\u00bb<\/p><\/blockquote>\n<p>Seg\u00fan [\u00abMalaprensa\u00bb:http:\/\/personales.ya.com\/josumezo\/2006\/01\/cuntos-manifestantes-crean-una-noticia.html]:<\/p>\n<blockquote><p>\u00abAunque sea muy f\u00e1cil, como ya hemos comentado tantas veces, los peri\u00f3dicos siguen sin contarnos con un poco de cuidado cu\u00e1ntos manifestantes fueron. Esta vez tampoco lo hizo El Pa\u00eds, al menos en la edici\u00f3n de Madrid.<br \/>\nYo he hecho un peque\u00f1o c\u00e1lculo y aunque tengo poca informaci\u00f3n de la manifestaci\u00f3n de ayer, creo que probablemente cubri\u00f3 un \u00e1rea de al menos 2 hect\u00e1reas, \u00f3 20.000 metros cuadrados.<br \/>\nEs decir, unos dos tercios de la superficie que ocup\u00f3 la manifestaci\u00f3n de junio en Madrid contra el matrimonio gay. Aunque aquello era novedoso, y relativo a un asunto vibrante de actualidad, el \u00abasunto\u00bb de la manifestaci\u00f3n de ayer no deja de ser tambi\u00e9n muy importante.\u00bb<\/p><\/blockquote>\n","protected":false},"excerpt":{"rendered":"<p>El ya tradicional deporte de inventarse los asistentes a manifestaciones en otro de sus apasionantes cap\u00edtulos, ahora en Bilbao. Noticia en [\u00abEl Mundo\u00bb:http:\/\/elmundo.es\/elmundo\/2006\/01\/07\/espana\/1136660897.html], agencia EFE. Similar en el resto de los medios nacionales. \u00abVarios miles de personas se han manifestado en Bilbao convocados por el Foro Ibaeta, que integra a sindicatos y a organizaciones de&hellip;&nbsp;<a href=\"https:\/\/junjan.org\/wordpress\/2006\/01\/realidades_paralelas_iii\/\" rel=\"bookmark\">Leer m\u00e1s &raquo;<span class=\"screen-reader-text\">Realidades paralelas III<\/span><\/a><\/p>\n","protected":false},"author":1,"featured_media":0,"comment_status":"open","ping_status":"open","sticky":false,"template":"","format":"standard","meta":{"neve_meta_sidebar":"","neve_meta_container":"","neve_meta_enable_content_width":"","neve_meta_content_width":0,"neve_meta_title_alignment":"","neve_meta_author_avatar":"","neve_post_elements_order":"","neve_meta_disable_header":"","neve_meta_disable_footer":"","neve_meta_disable_title":"","footnotes":""},"categories":[84],"tags":[509,640,641],"class_list":["post-704","post","type-post","status-publish","format-standard","hentry","category-divagaciones","tag-eta","tag-manipulacion","tag-prensa"],"_links":{"self":[{"href":"https:\/\/junjan.org\/wordpress\/wp-json\/wp\/v2\/posts\/704","targetHints":{"allow":["GET"]}}],"collection":[{"href":"https:\/\/junjan.org\/wordpress\/wp-json\/wp\/v2\/posts"}],"about":[{"href":"https:\/\/junjan.org\/wordpress\/wp-json\/wp\/v2\/types\/post"}],"author":[{"embeddable":true,"href":"https:\/\/junjan.org\/wordpress\/wp-json\/wp\/v2\/users\/1"}],"replies":[{"embeddable":true,"href":"https:\/\/junjan.org\/wordpress\/wp-json\/wp\/v2\/comments?post=704"}],"version-history":[{"count":1,"href":"https:\/\/junjan.org\/wordpress\/wp-json\/wp\/v2\/posts\/704\/revisions"}],"predecessor-version":[{"id":1305,"href":"https:\/\/junjan.org\/wordpress\/wp-json\/wp\/v2\/posts\/704\/revisions\/1305"}],"wp:attachment":[{"href":"https:\/\/junjan.org\/wordpress\/wp-json\/wp\/v2\/media?parent=704"}],"wp:term":[{"taxonomy":"category","embeddable":true,"href":"https:\/\/junjan.org\/wordpress\/wp-json\/wp\/v2\/categories?post=704"},{"taxonomy":"post_tag","embeddable":true,"href":"https:\/\/junjan.org\/wordpress\/wp-json\/wp\/v2\/tags?post=704"}],"curies":[{"name":"wp","href":"https:\/\/api.w.org\/{rel}","templated":true}]}}