{"id":708,"date":"2006-01-12T21:35:43","date_gmt":"2006-01-12T21:35:43","guid":{"rendered":"http:\/\/junjan.org\/wordpress\/?p=708"},"modified":"2006-01-12T21:35:43","modified_gmt":"2006-01-12T21:35:43","slug":"justicia_area","status":"publish","type":"post","link":"https:\/\/junjan.org\/wordpress\/2006\/01\/justicia_area\/","title":{"rendered":"Justicia a\u00e9rea"},"content":{"rendered":"<p>Las \u00abhorribles experiencias rutinarias\u00bb:http:\/\/www.junjan.org\/weblog\/archives\/2004\/11\/21\/la_terminal.html que sufren los pasajeros de avi\u00f3n puede que se reduzcan. El \u00abTribunal de Justicia\u00bb:http:\/\/www.curia.eu.int\/es\/ europeo ha confirmado el \u00abReglamento sobre compensaci\u00f3n y asistencia a los pasajeros a\u00e9reos\u00bb.<\/p>\n<blockquote><p>\u00abEn virtud de este Reglamento, en caso de cancelaci\u00f3n de un vuelo, el transportista a\u00e9reo debe ofrecer a los pasajeros la posibilidad de escoger entre el reembolso del billete y un transporte alternativo hasta su destino final. \u00c9stos tienen tambi\u00e9n derecho a recibir atenci\u00f3n gratuita (comida, llamadas telef\u00f3nicas y, en su caso, alojamiento en un hotel) y a una compensaci\u00f3n cuyo importe var\u00eda en funci\u00f3n de la distancia del vuelo. El transportista a\u00e9reo no est\u00e1 obligado a pagar esta compensaci\u00f3n si informa de la cancelaci\u00f3n del vuelo con al menos dos semanas de antelaci\u00f3n respecto de la hora de salida o si ofrece un transporte alternativo satisfactorio o incluso si puede probar que la cancelaci\u00f3n se debe a circunstancias extraordinarias.<br \/>\nEn caso de retraso de un vuelo m\u00e1s all\u00e1 de un tiempo que var\u00eda seg\u00fan la distancia, debe ofrecerse atenci\u00f3n al pasajero. A partir de cinco horas de retraso, debe ofrec\u00e9rsele el reembolso en todos los casos.\u00bb<\/p><\/blockquote>\n","protected":false},"excerpt":{"rendered":"<p>Las \u00abhorribles experiencias rutinarias\u00bb:http:\/\/www.junjan.org\/weblog\/archives\/2004\/11\/21\/la_terminal.html que sufren los pasajeros de avi\u00f3n puede que se reduzcan. El \u00abTribunal de Justicia\u00bb:http:\/\/www.curia.eu.int\/es\/ europeo ha confirmado el \u00abReglamento sobre compensaci\u00f3n y asistencia a los pasajeros a\u00e9reos\u00bb. \u00abEn virtud de este Reglamento, en caso de cancelaci\u00f3n de un vuelo, el transportista a\u00e9reo debe ofrecer a los pasajeros la posibilidad de escoger&hellip;&nbsp;<a href=\"https:\/\/junjan.org\/wordpress\/2006\/01\/justicia_area\/\" rel=\"bookmark\">Leer m\u00e1s &raquo;<span class=\"screen-reader-text\">Justicia a\u00e9rea<\/span><\/a><\/p>\n","protected":false},"author":1,"featured_media":0,"comment_status":"open","ping_status":"open","sticky":false,"template":"","format":"standard","meta":{"neve_meta_sidebar":"","neve_meta_container":"","neve_meta_enable_content_width":"","neve_meta_content_width":0,"neve_meta_title_alignment":"","neve_meta_author_avatar":"","neve_post_elements_order":"","neve_meta_disable_header":"","neve_meta_disable_footer":"","neve_meta_disable_title":"","footnotes":""},"categories":[5],"tags":[145],"class_list":["post-708","post","type-post","status-publish","format-standard","hentry","category-actualidad","tag-aviones-companias-aereas-terminal-iberia-spanair-puntualidad"],"_links":{"self":[{"href":"https:\/\/junjan.org\/wordpress\/wp-json\/wp\/v2\/posts\/708","targetHints":{"allow":["GET"]}}],"collection":[{"href":"https:\/\/junjan.org\/wordpress\/wp-json\/wp\/v2\/posts"}],"about":[{"href":"https:\/\/junjan.org\/wordpress\/wp-json\/wp\/v2\/types\/post"}],"author":[{"embeddable":true,"href":"https:\/\/junjan.org\/wordpress\/wp-json\/wp\/v2\/users\/1"}],"replies":[{"embeddable":true,"href":"https:\/\/junjan.org\/wordpress\/wp-json\/wp\/v2\/comments?post=708"}],"version-history":[{"count":0,"href":"https:\/\/junjan.org\/wordpress\/wp-json\/wp\/v2\/posts\/708\/revisions"}],"wp:attachment":[{"href":"https:\/\/junjan.org\/wordpress\/wp-json\/wp\/v2\/media?parent=708"}],"wp:term":[{"taxonomy":"category","embeddable":true,"href":"https:\/\/junjan.org\/wordpress\/wp-json\/wp\/v2\/categories?post=708"},{"taxonomy":"post_tag","embeddable":true,"href":"https:\/\/junjan.org\/wordpress\/wp-json\/wp\/v2\/tags?post=708"}],"curies":[{"name":"wp","href":"https:\/\/api.w.org\/{rel}","templated":true}]}}