{"id":710,"date":"2006-01-15T16:10:51","date_gmt":"2006-01-15T16:10:51","guid":{"rendered":"http:\/\/junjan.org\/wordpress\/?p=710"},"modified":"2006-01-15T16:10:51","modified_gmt":"2006-01-15T16:10:51","slug":"memorias_de_robert_fisk","status":"publish","type":"post","link":"https:\/\/junjan.org\/wordpress\/2006\/01\/memorias_de_robert_fisk\/","title":{"rendered":"Memorias de Robert Fisk"},"content":{"rendered":"<p>\u00abEl Pa\u00eds\u00bb:http:\/\/www.elpais.es\/articulo\/elpdompor\/20060115elpdmgpor_1\/Tes\/encuentros\/Bin\/Laden publica un interesante art\u00edculo de \u00abRobert Fisk\u00bb:http:\/\/www.robert-fisk.com\/ donde recuerda sus encuentros con Bin Laden. Muy recomendable.<\/p>\n<blockquote><p>\n\u00abLa \u00faltima vez que habl\u00e9 con Bin Laden, en un campamento guerrillero en lo alto de una monta\u00f1a afgana \u2014construido por la CIA durante la guerra contra la URSS\u2014, estaba pose\u00eddo por la necesidad de luchar contra EE UU. Cuando hablaba, los seguidores de Al Qaeda presentes en nuestra tienda beb\u00edan cada palabra como si se tratara de un mes\u00edas. \u00abCreemos que nuestra lucha contra Am\u00e9rica ser\u00e1 mucho m\u00e1s sencilla que contra la Uni\u00f3n Sovi\u00e9tica\u00bb, declar\u00f3. \u00abDesde esta monta\u00f1a deshicimos el Ej\u00e9rcito ruso y destruimos la URSS. Y pido a Dios que nos permita convertir a Estados Unidos en una sombra de s\u00ed mismo\u00bb.<br \/>\nHa llegado el momento de avanzar deprisa en mi v\u00eddeo mental. Es el 11 de septiembre de 2001. Estoy volando de Europa a EE UU cuando, a trav\u00e9s del tel\u00e9fono por sat\u00e9lite del avi\u00f3n, me cuentan desde The Independent en Londres que unos secuestradores han estrellado cuatro aviones de pasajeros en EE UU, dos de ellos contra el World Trade Center de Nueva York. En nuestro avi\u00f3n no sabemos de d\u00f3nde proced\u00edan los aparatos fat\u00eddicos. \u00bfDe \u00c1frica, o de Latinoam\u00e9rica, o de Europa, como nosotros? El sobrecargo y yo nos paseamos en busca de pasajeros cuyo aspecto no nos agradara. Yo tom\u00e9 nota de los n\u00fameros de asiento de 13 personas, dos de ellas en clase preferente. Y no tard\u00e9 m\u00e1s que unos minutos en darme cuenta de lo que significaba aquello. Todos los que no me hab\u00edan gustado eran musulmanes. Estaban leyendo el Cor\u00e1n, o daban vueltas en la mano a unas cuentas, o ten\u00edan barba, o me miraban con suspicacia porque yo les miraba con suspicacia a ellos. Hab\u00eda clasificado a los pasajeros de mi avi\u00f3n por su raza. En s\u00f3lo unos minutos, el sociable y liberal Robert Fisk se hab\u00eda vuelto racista. Lo cual me hizo llegar a la conclusi\u00f3n de que uno de los prop\u00f3sitos de Bin Laden era, no causar la divisi\u00f3n entre los musulmanes y Occidente, sino entre inocente e inocente y, de esa forma, hacernos culpables a todos.<br \/>\nDe nuevo en Europa \u2014EE UU cerr\u00f3 su espacio a\u00e9reo\u2014, fui a mi hotel y encend\u00ed la televisi\u00f3n; las Torres Gemelas ca\u00edan una y otra vez, en aquella epopeya b\u00edblica de humo, polvo y niebla. Y entonces me acord\u00e9 de mi \u00faltimo encuentro con Bin Laden y de sus \u00faltimas palabras. En las im\u00e1genes del televisor, Nueva York era verdaderamente \u00abuna sombra de s\u00ed misma\u00bb. Las im\u00e1genes eran el mensaje y el acto era el mensaje, igual que los atentados de Bali, Madrid y Londres ser\u00edan mensajes de los que nadie se responsabilizar\u00eda.\u00bb\n<\/p><\/blockquote>\n","protected":false},"excerpt":{"rendered":"<p>\u00abEl Pa\u00eds\u00bb:http:\/\/www.elpais.es\/articulo\/elpdompor\/20060115elpdmgpor_1\/Tes\/encuentros\/Bin\/Laden publica un interesante art\u00edculo de \u00abRobert Fisk\u00bb:http:\/\/www.robert-fisk.com\/ donde recuerda sus encuentros con Bin Laden. Muy recomendable. \u00abLa \u00faltima vez que habl\u00e9 con Bin Laden, en un campamento guerrillero en lo alto de una monta\u00f1a afgana \u2014construido por la CIA durante la guerra contra la URSS\u2014, estaba pose\u00eddo por la necesidad de luchar contra&hellip;&nbsp;<a href=\"https:\/\/junjan.org\/wordpress\/2006\/01\/memorias_de_robert_fisk\/\" rel=\"bookmark\">Leer m\u00e1s &raquo;<span class=\"screen-reader-text\">Memorias de Robert Fisk<\/span><\/a><\/p>\n","protected":false},"author":1,"featured_media":0,"comment_status":"open","ping_status":"open","sticky":false,"template":"","format":"standard","meta":{"neve_meta_sidebar":"","neve_meta_container":"","neve_meta_enable_content_width":"","neve_meta_content_width":0,"neve_meta_title_alignment":"","neve_meta_author_avatar":"","neve_post_elements_order":"","neve_meta_disable_header":"","neve_meta_disable_footer":"","neve_meta_disable_title":"","footnotes":""},"categories":[5],"tags":[147],"class_list":["post-710","post","type-post","status-publish","format-standard","hentry","category-actualidad","tag-robert-fisk-fisking-bin-laden-11s"],"_links":{"self":[{"href":"https:\/\/junjan.org\/wordpress\/wp-json\/wp\/v2\/posts\/710","targetHints":{"allow":["GET"]}}],"collection":[{"href":"https:\/\/junjan.org\/wordpress\/wp-json\/wp\/v2\/posts"}],"about":[{"href":"https:\/\/junjan.org\/wordpress\/wp-json\/wp\/v2\/types\/post"}],"author":[{"embeddable":true,"href":"https:\/\/junjan.org\/wordpress\/wp-json\/wp\/v2\/users\/1"}],"replies":[{"embeddable":true,"href":"https:\/\/junjan.org\/wordpress\/wp-json\/wp\/v2\/comments?post=710"}],"version-history":[{"count":0,"href":"https:\/\/junjan.org\/wordpress\/wp-json\/wp\/v2\/posts\/710\/revisions"}],"wp:attachment":[{"href":"https:\/\/junjan.org\/wordpress\/wp-json\/wp\/v2\/media?parent=710"}],"wp:term":[{"taxonomy":"category","embeddable":true,"href":"https:\/\/junjan.org\/wordpress\/wp-json\/wp\/v2\/categories?post=710"},{"taxonomy":"post_tag","embeddable":true,"href":"https:\/\/junjan.org\/wordpress\/wp-json\/wp\/v2\/tags?post=710"}],"curies":[{"name":"wp","href":"https:\/\/api.w.org\/{rel}","templated":true}]}}