{"id":714,"date":"2006-01-17T00:09:30","date_gmt":"2006-01-17T00:09:30","guid":{"rendered":"http:\/\/junjan.org\/wordpress\/?p=714"},"modified":"2011-06-03T19:51:38","modified_gmt":"2011-06-03T17:51:38","slug":"una_de_cal_y_una_de_arena","status":"publish","type":"post","link":"https:\/\/junjan.org\/wordpress\/2006\/01\/una_de_cal_y_una_de_arena\/","title":{"rendered":"Una de cal y otra de arena"},"content":{"rendered":"<p>Si la exageraci\u00f3n ten\u00eda todav\u00eda algun l\u00edmite en Espa\u00f1a, Federico Jim\u00e9nez Losantos se lo ha saltado en su \u00ab<a href=\"http:\/\/www.libertaddigital.com\/opiniones\/opi_desa_29198.html\" target=\"_blank\">art\u00edculo<\/a>\u00bb de hoy.<\/p>\n<blockquote><p>\u00abNo hay palabras malsonantes en el diccionario para tratar con justicia esta traici\u00f3n desvergonzada a la Ley y a la Naci\u00f3n, al decoro y a la libertad, a los dos mil a\u00f1os de civilizaci\u00f3n romana y cristiana de nuestra naci\u00f3n, a todos los que, a lo largo de los siglos nos han legado lo mejor de s\u00ed mismos, sea en el arte, en las ciencias, en las letras, en las instituciones o en la Historia de la Humanidad, que en parte no peque\u00f1a es inimaginable sin la historia de Espa\u00f1a. Este dep\u00f3sito moral, cultural y pol\u00edtico de lo mejor que ha producido nuestro pa\u00eds a lo largo de los siglos, que no es nuestro sino herencia de nuestros mayores que deber\u00edamos haber pasado a nuestros hijos, ha sido malbaratado, por no decir robado y regalado, a unos partidos pol\u00edticos que no ocultan su voluntad de crear una rep\u00fablica independiente y hostil a Espa\u00f1a, una Catalu\u00f1a que dados los niveles de despotismo actualmente existentes, ser\u00e1 dictatorial, racista y xen\u00f3foba, con la lengua ocupando el lugar de la religi\u00f3n en las teocracias isl\u00e1micas.\u00bb<\/p><\/blockquote>\n<p>Con energ\u00famenos que escriben d\u00eda a d\u00eda cosas como esta no me extra\u00f1a que los nacionalistas se la apa\u00f1en para convencer aunque no tengan raz\u00f3n y aumenten su n\u00famero de votos y su influencia como la espuma.<br \/>\nMenos mal que siempre podemos leer cr\u00edticas constructivas e inteligentes que hagan mella, como esta de Jos\u00e9 \u00c1lvarez Junco en \u00ab<a href=\"http:\/\/www.elpais.es\/articuloCompleto\/elpepiopi\/20060115elpepiopi_10\/Tes\/Catalu%F1a%20vista%20desde%20Espa%F1a\" target=\"_blank\">El Pa\u00eds<\/a>\u00ab:<\/p>\n<blockquote><p>\u00abLa b\u00fasqueda realista y honesta de una f\u00f3rmula de convivencia para Espa\u00f1a no debe partir del reconocimiento de \u00ablas naciones que componen este Estado\u00bb, sino de la complejidad de las sociedades contempor\u00e1neas. Lo cual significa que los ciudadanos tienen hoy una identidad m\u00faltiple (local, regional, nacional, europea&#8230;) y que la pluralidad cultural afecta a todos (no s\u00f3lo al Estado central). Significa, en resumen, abandonar el nacionalismo, porque un nacionalista es leal a una identidad \u00fanica o de importancia incomparablemente superior a cualquier otra; y su sue\u00f1o son sociedades culturalmente homog\u00e9neas y pol\u00edticamente soberanas. En el pa\u00eds y momento en que estamos, esta f\u00f3rmula de convivencia pasa por la consolidaci\u00f3n de la organizaci\u00f3n auton\u00f3mica existente, avanzando quiz\u00e1s hacia un modelo federal pleno; y dejar que pase el tiempo, que los ciudadanos se habit\u00faen a unas instancias de poder complejas, entre las que el Estado ser\u00e1 una m\u00e1s, progresivamente diluido en un contexto que tiende hacia lo supraestatal.<br \/>\nQuienes tanto hemos admirado la cultura cosmopolita y moderna de los catalanes esper\u00e1bamos de ellos una propuesta m\u00e1s sofisticada, un proyecto compatible con identidades plurales, con referencia a leyes, garant\u00edas y libertades, contexto internacional, y no a derechos hist\u00f3ricos, comunidades org\u00e1nicas y entes metaf\u00edsicos. Por eso nos decepciona el texto que tenemos sobre la mesa.\u00bb<\/p><\/blockquote>\n","protected":false},"excerpt":{"rendered":"<p>Si la exageraci\u00f3n ten\u00eda todav\u00eda algun l\u00edmite en Espa\u00f1a, Federico Jim\u00e9nez Losantos se lo ha saltado en su \u00abart\u00edculo\u00bb de hoy. \u00abNo hay palabras malsonantes en el diccionario para tratar con justicia esta traici\u00f3n desvergonzada a la Ley y a la Naci\u00f3n, al decoro y a la libertad, a los dos mil a\u00f1os de civilizaci\u00f3n&hellip;&nbsp;<a href=\"https:\/\/junjan.org\/wordpress\/2006\/01\/una_de_cal_y_una_de_arena\/\" rel=\"bookmark\">Leer m\u00e1s &raquo;<span class=\"screen-reader-text\">Una de cal y otra de arena<\/span><\/a><\/p>\n","protected":false},"author":1,"featured_media":0,"comment_status":"open","ping_status":"open","sticky":false,"template":"","format":"standard","meta":{"neve_meta_sidebar":"","neve_meta_container":"","neve_meta_enable_content_width":"","neve_meta_content_width":0,"neve_meta_title_alignment":"","neve_meta_author_avatar":"","neve_post_elements_order":"","neve_meta_disable_header":"","neve_meta_disable_footer":"","neve_meta_disable_title":"","footnotes":""},"categories":[5],"tags":[694,588,95,737,734],"class_list":["post-714","post","type-post","status-publish","format-standard","hentry","category-actualidad","tag-cataluna","tag-espana","tag-estatut","tag-junco","tag-losantos"],"_links":{"self":[{"href":"https:\/\/junjan.org\/wordpress\/wp-json\/wp\/v2\/posts\/714","targetHints":{"allow":["GET"]}}],"collection":[{"href":"https:\/\/junjan.org\/wordpress\/wp-json\/wp\/v2\/posts"}],"about":[{"href":"https:\/\/junjan.org\/wordpress\/wp-json\/wp\/v2\/types\/post"}],"author":[{"embeddable":true,"href":"https:\/\/junjan.org\/wordpress\/wp-json\/wp\/v2\/users\/1"}],"replies":[{"embeddable":true,"href":"https:\/\/junjan.org\/wordpress\/wp-json\/wp\/v2\/comments?post=714"}],"version-history":[{"count":2,"href":"https:\/\/junjan.org\/wordpress\/wp-json\/wp\/v2\/posts\/714\/revisions"}],"predecessor-version":[{"id":1425,"href":"https:\/\/junjan.org\/wordpress\/wp-json\/wp\/v2\/posts\/714\/revisions\/1425"}],"wp:attachment":[{"href":"https:\/\/junjan.org\/wordpress\/wp-json\/wp\/v2\/media?parent=714"}],"wp:term":[{"taxonomy":"category","embeddable":true,"href":"https:\/\/junjan.org\/wordpress\/wp-json\/wp\/v2\/categories?post=714"},{"taxonomy":"post_tag","embeddable":true,"href":"https:\/\/junjan.org\/wordpress\/wp-json\/wp\/v2\/tags?post=714"}],"curies":[{"name":"wp","href":"https:\/\/api.w.org\/{rel}","templated":true}]}}