{"id":715,"date":"2006-01-22T01:17:21","date_gmt":"2006-01-22T01:17:21","guid":{"rendered":"http:\/\/junjan.org\/wordpress\/?p=715"},"modified":"2006-01-22T01:17:21","modified_gmt":"2006-01-22T01:17:21","slug":"veracidad_por_ley","status":"publish","type":"post","link":"https:\/\/junjan.org\/wordpress\/2006\/01\/veracidad_por_ley\/","title":{"rendered":"Veracidad por ley"},"content":{"rendered":"<p>\u00abReporteros Sin Fronteras\u00bb:http:\/\/www.rsf.org\/rsf\/esp\/ pide al gobierno catal\u00e1n que enmiende la Ley del Audiovisual. Carta de Reporteros sin Fronteras al Primer Consejero del gobierno de Catalu\u00f1a, Josep Bargallo, para que someta al Parlamento algunas enmiendas a dicha ley:<\/p>\n<blockquote><p>\n\u00abHonorable Primer Consejero,<br \/>\nReporteros sin Fronteras, organizaci\u00f3n internacional de defensa de la libertad de prensa, quiere hacerle llegar su profunda inquietud por lo que refiere a la Ley del Audiovisual, aprobada por el Parlamento Catal\u00e1n el 29 de diciembre de 2005.<br \/>\nConscientes de que Catalu\u00f1a necesita dotarse de una ley de regulaci\u00f3n de los medios de comunicaci\u00f3n, nos parece que algunas de las disposiciones del texto podr\u00edan ser particularmente peligrosas para la libertad de prensa, e incluso liberticidas.<br \/>\nLos art\u00edculos 80.f, 111, 113, 116, 128.c-2, 132.e y 140.1 de esta ley auton\u00f3mica permiten al Consejo del Audiovisual de Catalu\u00f1a (CAC) sancionar a los medios de comunicaci\u00f3n con fuertes multas, que van de los 90.000 a los 300.000 euros, y ordenar su cierre retir\u00e1ndoles las licencias territoriales. Seg\u00fan esos mismos art\u00edculos, los medios de comunicaci\u00f3n deben respetar \u201cprincipio de veracidad en la difusi\u00f3n de la informaci\u00f3n, resultado de una comprobaci\u00f3n de los hechos\u201d, y no deben \u201cobstruir la actividad inspectora del Govern\u201d.<br \/>\nY as\u00ed, la ley atribuye al Consejo del Audiovisual, cuyos miembros son nombrados por una mayoria de dos tercios del Parlamento catal\u00e1n y a propuesta de un minimo de tres grupos parlamentarios, poderes sancionadores tan amplios como los de una autoridad judicial. La \u201cveracidad de las informaciones\u201d es una formulaci\u00f3n que permite interpretaciones restrictivas y abusivas. Esas disposiciones entran en flagrante contradicci\u00f3n con la legislaci\u00f3n europea en vigor, mucho m\u00e1s favorable al principio de la libertad de expresi\u00f3n.<br \/>\nPor ello, Se\u00f1or Primer Consejero le pedimos que se sometan a los grupos parlamentarios, para las correspondientes enmiendas, los citados art\u00edculos de la Ley catalana del Audiovisual, de forma que resulte de conformidad con la normativa europea en vigor.<br \/>\nConfiando en el inter\u00e9s que prestar\u00e1 a esta petici\u00f3n le ruego, Se\u00f1or Primer Consejero, que acepte la expresi\u00f3n de mi mayor consideraci\u00f3n.<br \/>\nRobert M\u00e9nard, Secretario general\u00bb\n<\/p><\/blockquote>\n","protected":false},"excerpt":{"rendered":"<p>\u00abReporteros Sin Fronteras\u00bb:http:\/\/www.rsf.org\/rsf\/esp\/ pide al gobierno catal\u00e1n que enmiende la Ley del Audiovisual. Carta de Reporteros sin Fronteras al Primer Consejero del gobierno de Catalu\u00f1a, Josep Bargallo, para que someta al Parlamento algunas enmiendas a dicha ley: \u00abHonorable Primer Consejero, Reporteros sin Fronteras, organizaci\u00f3n internacional de defensa de la libertad de prensa, quiere hacerle llegar&hellip;&nbsp;<a href=\"https:\/\/junjan.org\/wordpress\/2006\/01\/veracidad_por_ley\/\" rel=\"bookmark\">Leer m\u00e1s &raquo;<span class=\"screen-reader-text\">Veracidad por ley<\/span><\/a><\/p>\n","protected":false},"author":1,"featured_media":0,"comment_status":"open","ping_status":"open","sticky":false,"template":"","format":"standard","meta":{"neve_meta_sidebar":"","neve_meta_container":"","neve_meta_enable_content_width":"","neve_meta_content_width":0,"neve_meta_title_alignment":"","neve_meta_author_avatar":"","neve_post_elements_order":"","neve_meta_disable_header":"","neve_meta_disable_footer":"","neve_meta_disable_title":"","footnotes":""},"categories":[28],"tags":[152],"class_list":["post-715","post","type-post","status-publish","format-standard","hentry","category-derechos","tag-periodismo-censura-derechos-cataluna-estatut-cac"],"_links":{"self":[{"href":"https:\/\/junjan.org\/wordpress\/wp-json\/wp\/v2\/posts\/715","targetHints":{"allow":["GET"]}}],"collection":[{"href":"https:\/\/junjan.org\/wordpress\/wp-json\/wp\/v2\/posts"}],"about":[{"href":"https:\/\/junjan.org\/wordpress\/wp-json\/wp\/v2\/types\/post"}],"author":[{"embeddable":true,"href":"https:\/\/junjan.org\/wordpress\/wp-json\/wp\/v2\/users\/1"}],"replies":[{"embeddable":true,"href":"https:\/\/junjan.org\/wordpress\/wp-json\/wp\/v2\/comments?post=715"}],"version-history":[{"count":0,"href":"https:\/\/junjan.org\/wordpress\/wp-json\/wp\/v2\/posts\/715\/revisions"}],"wp:attachment":[{"href":"https:\/\/junjan.org\/wordpress\/wp-json\/wp\/v2\/media?parent=715"}],"wp:term":[{"taxonomy":"category","embeddable":true,"href":"https:\/\/junjan.org\/wordpress\/wp-json\/wp\/v2\/categories?post=715"},{"taxonomy":"post_tag","embeddable":true,"href":"https:\/\/junjan.org\/wordpress\/wp-json\/wp\/v2\/tags?post=715"}],"curies":[{"name":"wp","href":"https:\/\/api.w.org\/{rel}","templated":true}]}}