{"id":716,"date":"2006-01-22T19:38:59","date_gmt":"2006-01-22T19:38:59","guid":{"rendered":"http:\/\/junjan.org\/wordpress\/?p=716"},"modified":"2006-01-22T19:38:59","modified_gmt":"2006-01-22T19:38:59","slug":"preocupante","status":"publish","type":"post","link":"https:\/\/junjan.org\/wordpress\/2006\/01\/preocupante\/","title":{"rendered":"\u00bfPreocupante?"},"content":{"rendered":"<p>Dice mi suegra que esta muy preocupada por la situaci\u00f3n pol\u00edtica. Que la combinaci\u00f3n de un gobierno d\u00e9bil, una oposici\u00f3n muy desestabilizadora y un ej\u00e9rcito que empieza a llenarse la boca con alusiones a la patria, le recuerda tiempos pasados y le pone los pelos de punta.<br \/>\nLa verdad es que no es de esta\u00f1ar que mi suegra se preocupe cuando militares \u00abnost\u00e1lgicos del franquismo\u00bb:http:\/\/www.meliya.com\/noticias\/index.php?tabla=noticias&#038;id=11911 expresan su malestar y mientan a Espa\u00f1a, la iglesia y la familia, tr\u00edo que nombrado junto no puede dejar de hacernos temblar. Cuando el l\u00edder de la oposici\u00f3n se olvida del ABC de la pol\u00edtica parlamentaria y dice que las decisiones pactadas por el resto de partidos son tomadas por [\u00abcinco se\u00f1ores reunidos\u00bb:http:\/\/www.informativos.telecinco.es\/rajoy\/nacionalistas\/gobierno\/dn_18953.htm], tambi\u00e9n es para preocuparse. Cuando los creadores de opini\u00f3n acusan al gobierno de \u00abdictadura\u00bb:http:\/\/www.libertaddigital.com\/opiniones\/opi_desa_29321.html y sus cachorros anhelan un \u00abgobierno de concentraci\u00f3n auspiciado por el rey, con el respaldo claro del Ej\u00e9rcito\u00bb:http:\/\/batiburrillo.redliberal.com\/006481.html, es para preocuparse.<br \/>\nPero yo no me alarmar\u00eda demasiado. El ruido de las discusiones entre la oposici\u00f3n, el gobierno y sus respectivos voceros es plenamente electoralista, no te preocupes suegra, ladran mucho pero no muerden. Es el infantilismo pol\u00edtico, el regionalismo llevado a nacionalismo, el legendario mirarse al ombligo de los pol\u00edticos hispanos de sal\u00f3n que arrastran a militares y periodistas de segunda. No te preocupes, en alg\u00fan momento, dejar\u00e1n de discutir sobre problemas que no interesan a nadie y podremos concentrarnos en problemas importantes, como subir las pensiones, como mejorar la sanidad y la educaci\u00f3n independientemente del idioma, como asistir a tantos discapacitados con un m\u00ednimo de dignidad, como mejorar la vida de los inmigrantes tengan o no papeles, como aumentar nuestra \u00ednfima [\u00abcapacidad innovadora\u00bb:http:\/\/trendchart.cordis.lu\/scoreboards\/scoreboard2005\/index.cfm] y un largo etc\u00e9tera. En definitiva de como mejorar nuestra sociedad independientemente de si nos llamamos Espa\u00f1a o la Federaci\u00f3n Hispana. O al menos eso espero.<\/p>\n","protected":false},"excerpt":{"rendered":"<p>Dice mi suegra que esta muy preocupada por la situaci\u00f3n pol\u00edtica. Que la combinaci\u00f3n de un gobierno d\u00e9bil, una oposici\u00f3n muy desestabilizadora y un ej\u00e9rcito que empieza a llenarse la boca con alusiones a la patria, le recuerda tiempos pasados y le pone los pelos de punta. La verdad es que no es de esta\u00f1ar&hellip;&nbsp;<a href=\"https:\/\/junjan.org\/wordpress\/2006\/01\/preocupante\/\" rel=\"bookmark\">Leer m\u00e1s &raquo;<span class=\"screen-reader-text\">\u00bfPreocupante?<\/span><\/a><\/p>\n","protected":false},"author":1,"featured_media":0,"comment_status":"open","ping_status":"open","sticky":false,"template":"","format":"standard","meta":{"neve_meta_sidebar":"","neve_meta_container":"","neve_meta_enable_content_width":"","neve_meta_content_width":0,"neve_meta_title_alignment":"","neve_meta_author_avatar":"","neve_post_elements_order":"","neve_meta_disable_header":"","neve_meta_disable_footer":"","neve_meta_disable_title":"","footnotes":""},"categories":[9],"tags":[153],"class_list":["post-716","post","type-post","status-publish","format-standard","hentry","category-opinion","tag-espana-sociedad-estatut-nacion-militares-batiburrillo-estado-federal-politica-infantilismo"],"_links":{"self":[{"href":"https:\/\/junjan.org\/wordpress\/wp-json\/wp\/v2\/posts\/716","targetHints":{"allow":["GET"]}}],"collection":[{"href":"https:\/\/junjan.org\/wordpress\/wp-json\/wp\/v2\/posts"}],"about":[{"href":"https:\/\/junjan.org\/wordpress\/wp-json\/wp\/v2\/types\/post"}],"author":[{"embeddable":true,"href":"https:\/\/junjan.org\/wordpress\/wp-json\/wp\/v2\/users\/1"}],"replies":[{"embeddable":true,"href":"https:\/\/junjan.org\/wordpress\/wp-json\/wp\/v2\/comments?post=716"}],"version-history":[{"count":0,"href":"https:\/\/junjan.org\/wordpress\/wp-json\/wp\/v2\/posts\/716\/revisions"}],"wp:attachment":[{"href":"https:\/\/junjan.org\/wordpress\/wp-json\/wp\/v2\/media?parent=716"}],"wp:term":[{"taxonomy":"category","embeddable":true,"href":"https:\/\/junjan.org\/wordpress\/wp-json\/wp\/v2\/categories?post=716"},{"taxonomy":"post_tag","embeddable":true,"href":"https:\/\/junjan.org\/wordpress\/wp-json\/wp\/v2\/tags?post=716"}],"curies":[{"name":"wp","href":"https:\/\/api.w.org\/{rel}","templated":true}]}}