{"id":722,"date":"2006-01-29T14:19:33","date_gmt":"2006-01-29T14:19:33","guid":{"rendered":"http:\/\/junjan.org\/wordpress\/?p=722"},"modified":"2006-01-29T14:19:33","modified_gmt":"2006-01-29T14:19:33","slug":"aznar_y_los_balcanes","status":"publish","type":"post","link":"https:\/\/junjan.org\/wordpress\/2006\/01\/aznar_y_los_balcanes\/","title":{"rendered":"Aznar y los Balcanes"},"content":{"rendered":"<p>Jose Mar\u00eda Aznar, nuestro ex-lider gal\u00e1ctico, entrevistado en el diario portugu\u00e9s [\u00abExpresso\u00bb:http:\/\/online.expresso.clix.pt\/1pagina\/artigo.asp?id=24757236].<\/p>\n<blockquote><p>EXP &#8211; Insiste em que existe o risco de balcaniza\u00e7\u00e3o de Espanha?<br \/>\nJMA &#8211; <strong>Absolutamente.<\/strong><br \/>\nEXP &#8211; O risco de balcaniza\u00e7\u00e3o, tal como o conhecemos, desencadeia um processo de desagrega\u00e7\u00e3o nacional que leva a uma guerra civil. Pensa que este \u00e9 um cen\u00e1rio poss\u00edvel em Espanha?<br \/>\nJMA &#8211; N\u00e3o desejo que isso se verifique, mas digamos que a balcaniza\u00e7\u00e3o \u00e9 um atrofiamento de um pa\u00eds. E ningu\u00e9m sabe as consequ\u00eancias que produz o risco de atrofiamento de um pa\u00eds. Mas nunca podem ser boas. Ser\u00e3o consequ\u00eancias profundamente negativas. Parte do dano j\u00e1 est\u00e1 feito e ser\u00e1 muito dif\u00edcil de recuperar; outra parte talvez pudesse evitar-se, mas, sinceramente, n\u00e3o me parece que haja vontade de o evitar. <strong>Mas, definitivamente, esse risco existe.<\/strong><\/p><\/blockquote>\n","protected":false},"excerpt":{"rendered":"<p>Jose Mar\u00eda Aznar, nuestro ex-lider gal\u00e1ctico, entrevistado en el diario portugu\u00e9s [\u00abExpresso\u00bb:http:\/\/online.expresso.clix.pt\/1pagina\/artigo.asp?id=24757236]. EXP &#8211; Insiste em que existe o risco de balcaniza\u00e7\u00e3o de Espanha? JMA &#8211; Absolutamente. EXP &#8211; O risco de balcaniza\u00e7\u00e3o, tal como o conhecemos, desencadeia um processo de desagrega\u00e7\u00e3o nacional que leva a uma guerra civil. Pensa que este \u00e9 um cen\u00e1rio&hellip;&nbsp;<a href=\"https:\/\/junjan.org\/wordpress\/2006\/01\/aznar_y_los_balcanes\/\" rel=\"bookmark\">Leer m\u00e1s &raquo;<span class=\"screen-reader-text\">Aznar y los Balcanes<\/span><\/a><\/p>\n","protected":false},"author":1,"featured_media":0,"comment_status":"open","ping_status":"open","sticky":false,"template":"","format":"standard","meta":{"neve_meta_sidebar":"","neve_meta_container":"","neve_meta_enable_content_width":"","neve_meta_content_width":0,"neve_meta_title_alignment":"","neve_meta_author_avatar":"","neve_post_elements_order":"","neve_meta_disable_header":"","neve_meta_disable_footer":"","neve_meta_disable_title":"","footnotes":""},"categories":[5],"tags":[159],"class_list":["post-722","post","type-post","status-publish","format-standard","hentry","category-actualidad","tag-aznar-estatuto-cataluna-balcanizacion-espana-pp"],"_links":{"self":[{"href":"https:\/\/junjan.org\/wordpress\/wp-json\/wp\/v2\/posts\/722","targetHints":{"allow":["GET"]}}],"collection":[{"href":"https:\/\/junjan.org\/wordpress\/wp-json\/wp\/v2\/posts"}],"about":[{"href":"https:\/\/junjan.org\/wordpress\/wp-json\/wp\/v2\/types\/post"}],"author":[{"embeddable":true,"href":"https:\/\/junjan.org\/wordpress\/wp-json\/wp\/v2\/users\/1"}],"replies":[{"embeddable":true,"href":"https:\/\/junjan.org\/wordpress\/wp-json\/wp\/v2\/comments?post=722"}],"version-history":[{"count":0,"href":"https:\/\/junjan.org\/wordpress\/wp-json\/wp\/v2\/posts\/722\/revisions"}],"wp:attachment":[{"href":"https:\/\/junjan.org\/wordpress\/wp-json\/wp\/v2\/media?parent=722"}],"wp:term":[{"taxonomy":"category","embeddable":true,"href":"https:\/\/junjan.org\/wordpress\/wp-json\/wp\/v2\/categories?post=722"},{"taxonomy":"post_tag","embeddable":true,"href":"https:\/\/junjan.org\/wordpress\/wp-json\/wp\/v2\/tags?post=722"}],"curies":[{"name":"wp","href":"https:\/\/api.w.org\/{rel}","templated":true}]}}