{"id":731,"date":"2006-02-12T20:05:38","date_gmt":"2006-02-12T19:05:38","guid":{"rendered":"http:\/\/junjan.org\/wordpress\/?p=731"},"modified":"2011-05-24T23:03:27","modified_gmt":"2011-05-24T21:03:27","slug":"donde_se_demuestra","status":"publish","type":"post","link":"https:\/\/junjan.org\/wordpress\/2006\/02\/donde_se_demuestra\/","title":{"rendered":"Donde se demuestra&#8230;"},"content":{"rendered":"<p>&#8230; que los estados teocr\u00e1tico-fascistas tienen que ser combatidos y no disculpados desde un respeto mal entendido.<br \/>\n\u00abEl Pa\u00eds\u00bb:http:\/\/www.elpais.es\/articulo\/elpporint\/20060212elpepuint_6\/Tes\/internacional\/directores\/periodicos\/argelinos\/prision\/publicar\/vinetas\/Mahoma<\/p>\n<blockquote><p>\n\u00abLos directores de dos publicaciones argelinas fueron encarcelados el s\u00e1bado por haber publicado algunas de las caricaturas de Mahoma aparecidas en la prensa europea. (&#8230;) Las caricaturas iban acompa\u00f1adas de una condena a las mismas, aunque explicaban que quer\u00edan que los lectores comprendieran el por qu\u00e9 del malestar isl\u00e1mico ante los dibujos. Los dos periodistas fueron internados en la prisi\u00f3n Serkadji de la capital argelina, en espera de ser procesados por un delito que, por el momento, no ha sido tipificado jur\u00eddicamente.\u00bb\n<\/p><\/blockquote>\n","protected":false},"excerpt":{"rendered":"<p>&#8230; que los estados teocr\u00e1tico-fascistas tienen que ser combatidos y no disculpados desde un respeto mal entendido. \u00abEl Pa\u00eds\u00bb:http:\/\/www.elpais.es\/articulo\/elpporint\/20060212elpepuint_6\/Tes\/internacional\/directores\/periodicos\/argelinos\/prision\/publicar\/vinetas\/Mahoma \u00abLos directores de dos publicaciones argelinas fueron encarcelados el s\u00e1bado por haber publicado algunas de las caricaturas de Mahoma aparecidas en la prensa europea. (&#8230;) Las caricaturas iban acompa\u00f1adas de una condena a las mismas, aunque&hellip;&nbsp;<a href=\"https:\/\/junjan.org\/wordpress\/2006\/02\/donde_se_demuestra\/\" rel=\"bookmark\">Leer m\u00e1s &raquo;<span class=\"screen-reader-text\">Donde se demuestra&#8230;<\/span><\/a><\/p>\n","protected":false},"author":1,"featured_media":0,"comment_status":"open","ping_status":"open","sticky":false,"template":"","format":"standard","meta":{"neve_meta_sidebar":"","neve_meta_container":"","neve_meta_enable_content_width":"","neve_meta_content_width":0,"neve_meta_title_alignment":"","neve_meta_author_avatar":"","neve_post_elements_order":"","neve_meta_disable_header":"","neve_meta_disable_footer":"","neve_meta_disable_title":"","footnotes":""},"categories":[5],"tags":[595,618,619,617],"class_list":["post-731","post","type-post","status-publish","format-standard","hentry","category-actualidad","tag-fundamentalismo","tag-islam","tag-mahoma","tag-musulman"],"_links":{"self":[{"href":"https:\/\/junjan.org\/wordpress\/wp-json\/wp\/v2\/posts\/731","targetHints":{"allow":["GET"]}}],"collection":[{"href":"https:\/\/junjan.org\/wordpress\/wp-json\/wp\/v2\/posts"}],"about":[{"href":"https:\/\/junjan.org\/wordpress\/wp-json\/wp\/v2\/types\/post"}],"author":[{"embeddable":true,"href":"https:\/\/junjan.org\/wordpress\/wp-json\/wp\/v2\/users\/1"}],"replies":[{"embeddable":true,"href":"https:\/\/junjan.org\/wordpress\/wp-json\/wp\/v2\/comments?post=731"}],"version-history":[{"count":1,"href":"https:\/\/junjan.org\/wordpress\/wp-json\/wp\/v2\/posts\/731\/revisions"}],"predecessor-version":[{"id":1290,"href":"https:\/\/junjan.org\/wordpress\/wp-json\/wp\/v2\/posts\/731\/revisions\/1290"}],"wp:attachment":[{"href":"https:\/\/junjan.org\/wordpress\/wp-json\/wp\/v2\/media?parent=731"}],"wp:term":[{"taxonomy":"category","embeddable":true,"href":"https:\/\/junjan.org\/wordpress\/wp-json\/wp\/v2\/categories?post=731"},{"taxonomy":"post_tag","embeddable":true,"href":"https:\/\/junjan.org\/wordpress\/wp-json\/wp\/v2\/tags?post=731"}],"curies":[{"name":"wp","href":"https:\/\/api.w.org\/{rel}","templated":true}]}}