{"id":733,"date":"2006-02-12T21:51:21","date_gmt":"2006-02-12T21:51:21","guid":{"rendered":"http:\/\/junjan.org\/wordpress\/?p=733"},"modified":"2012-09-20T00:33:02","modified_gmt":"2012-09-19T22:33:02","slug":"fanticos_sin_fronteras","status":"publish","type":"post","link":"https:\/\/junjan.org\/wordpress\/2006\/02\/fanticos_sin_fronteras\/","title":{"rendered":"Fan\u00e1ticos sin fronteras"},"content":{"rendered":"<p>Magn\u00edfico art\u00edculo de Fernando Savater en <a href=\"http:\/\/www.elpais.es\/articulo\/elpepiopi\/20060211elpepiopi_8\/Tes\/Fan%E1ticos%20sin%20fronteras\" target=\"_blank\">El Pa\u00eds<\/a>, donde repasa lo publicado sobre las caricaturas de Mahoma. Amablemente reproducido por <a href=\":http:\/\/www.lainsignia.org\/2006\/febrero\/rev_006.htm\" target=\"_blank\">La Insignia<\/a>, donde se puede leer completo. Unos fragmentos:<\/p>\n<blockquote><p>\u00abPor supuesto, diversos te\u00f3logos, alg\u00fan cardenal y alg\u00fan gran rabino, han hecho o\u00edr su solidaridad gremial con los piadosos y feroces ofendidos: todas las iglesias conservan cierta envidiosa nostalgia de las fes que a\u00fan tienen fan\u00e1ticos como cuerpo de guardia, porque s\u00f3lo se resignan a inspirar respeto cuando ya no pueden inspirar miedo&#8230; \u00a1ah, los buenos tiempos! Etc., etc&#8230;<br \/>\nDesde luego, tambi\u00e9n hemos escuchado a muchos defender con vehemencia la sacrosanta libertad de expresi\u00f3n. Y hablar de que no debe utilizarse para faltar al respeto debido al pr\u00f3jimo. \u00bfPor qu\u00e9 lo llaman respeto cuando quieren decir miedo? Uno respeta mucho m\u00e1s a otro cuando le hace bromas o cr\u00edticas, incluso de mal gusto, porque le considera un ser civilizado que no va a asesinarle por ello&#8230; que cuando guarda p\u00edo silencio y baja los ojos ante quien considera un loco furioso, capaz de partirle la cabeza a hachazos. Pero tampoco tengo claro d\u00f3nde est\u00e1 la falta de respeto de esas caricaturas. Ya s\u00e9 \u2014me lo dijo Cioran\u2014 que todas las religiones son cruzadas contra el sentido del humor, pero me niego a creer que mil quinientos millones de musulmanes tengan forzosamente que sentirse ofendidos por ellas: ser\u00eda tomarles a todos por imb\u00e9ciles, lo que me parece sumamente injusto. Si yo fuera musulm\u00e1n, hip\u00f3tesis ahora improbable pero nunca se sabe, considerar\u00eda el dibujo de Mahoma con una bomba escondida en el turbante como una s\u00e1tira contra quienes utilizan b\u00e1rbaramente su doctrina para justificar atentados de inspiraci\u00f3n pol\u00edtica. Y me preguntar\u00eda, como hizo el semanario jordano Shihane, \u00abqu\u00e9 perjudica m\u00e1s al Islam, esas caricaturas o bien un secuestrador que deg\u00fcella a su v\u00edctima ante las c\u00e1maras\u00bb. Desgraciadamente no tendremos ya respuesta ni debate, porque el semanario fue de inmediato cerrado y su director despedido.<br \/>\n(&#8230;)<br \/>\nPero lo que me extra\u00f1a, lo que no he le\u00eddo ni o\u00eddo a nadie aunque est\u00e9 impl\u00edcito en bastantes comentarios, es que lo amenazado en nuestras democracias no es s\u00f3lo ni a mi juicio principalmente la libertad de expresi\u00f3n. No, lo que nos estamos jugando es precisamente la libertad religiosa. Y ello por una doble v\u00eda. En primer lugar, porque la libertad religiosa en los pa\u00edses democr\u00e1ticos se basa en el principio de que la religi\u00f3n es un derecho de cada cual pero no un deber de los dem\u00e1s ciudadanos ni de la sociedad en su conjunto. Cada cual puede creer y venerar a su modo, pero sin pretender que ello obligue a nadie m\u00e1s.<br \/>\n(&#8230;)<br \/>\nQuienes hemos tenido que convivir con fan\u00e1ticos de tendencias criminales (valga el pleonasmo) nacionalistas, sabemos por experiencia que no hay peor pol\u00edtica que darles la raz\u00f3n a medias. Por supuesto, ello no es \u00f3bice para que no deba recomendarse la prudencia y la delicadeza en las relaciones con los dem\u00e1s: no es recomendable zaherir a los vecinos, ni re\u00edrse del peluqu\u00edn del jefe si se le va a pedir aumento de sueldo. Para los casos litigiosos est\u00e1n las leyes y los tribunales, a los que puede acudirse cuando alguien considera que el ultraje sufrido va m\u00e1s all\u00e1 de lo tolerable. Pero por lo general nada es m\u00e1s imprudente que seguir las atemorizadas reglas de una prudencia meramente temblorosa. De modo que, mientras me dejen, me atengo mejor al credo propuesto por el ex situacionista Raoul Vaneigem: \u00abNada es sagrado. Todo el mundo tiene derecho a criticar, a burlarse, a ridiculizar todas las religiones, todas las ideolog\u00edas, todos los sistemas conceptuales, todos los pensamientos. Tenemos derecho a poner a parir a todos los dioses, mes\u00edas, profetas, papas, popes, rabinos, imanes, bonzos, pastores, gur\u00fas, as\u00ed como a los jefes de Estado, los reyes, los caudillos de todo tipo&#8230;\u00bb. Am\u00e9n.\u00bb<\/p><\/blockquote>\n<p>Y Am\u00e9n.<\/p>\n","protected":false},"excerpt":{"rendered":"<p>Magn\u00edfico art\u00edculo de Fernando Savater en El Pa\u00eds, donde repasa lo publicado sobre las caricaturas de Mahoma. Amablemente reproducido por La Insignia, donde se puede leer completo. Unos fragmentos: \u00abPor supuesto, diversos te\u00f3logos, alg\u00fan cardenal y alg\u00fan gran rabino, han hecho o\u00edr su solidaridad gremial con los piadosos y feroces ofendidos: todas las iglesias conservan&hellip;&nbsp;<a href=\"https:\/\/junjan.org\/wordpress\/2006\/02\/fanticos_sin_fronteras\/\" rel=\"bookmark\">Leer m\u00e1s &raquo;<span class=\"screen-reader-text\">Fan\u00e1ticos sin fronteras<\/span><\/a><\/p>\n","protected":false},"author":1,"featured_media":0,"comment_status":"open","ping_status":"open","sticky":false,"template":"","format":"standard","meta":{"neve_meta_sidebar":"","neve_meta_container":"","neve_meta_enable_content_width":"","neve_meta_content_width":0,"neve_meta_title_alignment":"","neve_meta_author_avatar":"","neve_post_elements_order":"","neve_meta_disable_header":"","neve_meta_disable_footer":"","neve_meta_disable_title":"","footnotes":""},"categories":[81],"tags":[905,906,619,484,638],"class_list":["post-733","post","type-post","status-publish","format-standard","hentry","category-revista-de-prensa","tag-caricaturas","tag-fanaticos","tag-mahoma","tag-religion","tag-savater"],"_links":{"self":[{"href":"https:\/\/junjan.org\/wordpress\/wp-json\/wp\/v2\/posts\/733","targetHints":{"allow":["GET"]}}],"collection":[{"href":"https:\/\/junjan.org\/wordpress\/wp-json\/wp\/v2\/posts"}],"about":[{"href":"https:\/\/junjan.org\/wordpress\/wp-json\/wp\/v2\/types\/post"}],"author":[{"embeddable":true,"href":"https:\/\/junjan.org\/wordpress\/wp-json\/wp\/v2\/users\/1"}],"replies":[{"embeddable":true,"href":"https:\/\/junjan.org\/wordpress\/wp-json\/wp\/v2\/comments?post=733"}],"version-history":[{"count":2,"href":"https:\/\/junjan.org\/wordpress\/wp-json\/wp\/v2\/posts\/733\/revisions"}],"predecessor-version":[{"id":2217,"href":"https:\/\/junjan.org\/wordpress\/wp-json\/wp\/v2\/posts\/733\/revisions\/2217"}],"wp:attachment":[{"href":"https:\/\/junjan.org\/wordpress\/wp-json\/wp\/v2\/media?parent=733"}],"wp:term":[{"taxonomy":"category","embeddable":true,"href":"https:\/\/junjan.org\/wordpress\/wp-json\/wp\/v2\/categories?post=733"},{"taxonomy":"post_tag","embeddable":true,"href":"https:\/\/junjan.org\/wordpress\/wp-json\/wp\/v2\/tags?post=733"}],"curies":[{"name":"wp","href":"https:\/\/api.w.org\/{rel}","templated":true}]}}