{"id":734,"date":"2006-02-12T23:38:00","date_gmt":"2006-02-12T23:38:00","guid":{"rendered":"http:\/\/junjan.org\/wordpress\/?p=734"},"modified":"2006-02-12T23:38:00","modified_gmt":"2006-02-12T23:38:00","slug":"_izquierdas_correctas","status":"publish","type":"post","link":"https:\/\/junjan.org\/wordpress\/2006\/02\/_izquierdas_correctas\/","title":{"rendered":"Pseudo-izquierdas pol\u00edticamente correctas"},"content":{"rendered":"<p>Estoy harto de la ideolog\u00eda de pseudo-izquierdas \u201cpol\u00edticamente correcta\u201d y algunas de sus autocensuras, lo que se ha reflejado perfectamente en el tema de la caricaturas de Mahoma. Con un seguidismo absoluto con la \u201cortodoxia del momento\u201d se han olvidado de defender el derecho de libertad de expresi\u00f3n para darle cancha a las teocracias que asfixian a los pueblos de medio mundo.\u00bfQu\u00e9 di\u00e1logo o alianza se puede hacer con unos gobiernos que no respetan ni consideran los m\u00e1s m\u00ednimos derechos de sus \u00abs\u00fabditos\u00bb?<br \/>\nLo ha expresado con mejores palabras que pueda tener yo, Mario Vargas Llosa en [\u00abEl Pa\u00eds\u00bb:http:\/\/www.elpais.es\/articuloCompleto\/elpepiopi\/20060212elpepiopi_6\/Tes\/opinion\/derecho\/irreverencia]:<\/p>\n<blockquote><p>\n\u00bfPuede llegar a ocurrir lo mismo alg\u00fan d\u00eda en la Europa de Voltaire, la de las luces, la que instaur\u00f3 como un principio b\u00e1sico de la civilizaci\u00f3n el derecho de cr\u00edtica, de irreverencia, no s\u00f3lo ante los gobiernos; tambi\u00e9n ante los dioses, la libertad de expresi\u00f3n y la convivencia de diversos credos, costumbres e ideas en una sociedad abierta? Vale la pena pregunt\u00e1rselo, porque, a ra\u00edz del esc\u00e1ndalo de las vi\u00f1etas blasfemas, una buena parte de la Europa que disfruta de esa cultura de la libertad ha mostrado una prudencia o desgano en la defensa de lo mejor que tiene y que ha legado al mundo, que parecer\u00eda que el poder de intimidaci\u00f3n del extremismo islamista comienza tambi\u00e9n a tener efectos estupefacientes en el coraz\u00f3n mismo de la cuna de la democracia.<br \/>\nHasta el momento en que escribo estas p\u00e1ginas, con la excepci\u00f3n de los gobiernos de Francia y del Reino Unido, ning\u00fan otro gobierno europeo ha mostrado de manera inequ\u00edvoca su solidaridad con Dinamarca. El primer ministro dan\u00e9s, Rasmussen, ha rechazado las amenazas y los chantajes de los gobiernos musulmanes que quisieran ver introducidas en Dinamarca las pr\u00e1cticas intimidatorias, censoras y brutales con que ellos suelen manipular a sus medios de informaci\u00f3n. Pero su orfandad en el seno de la Uni\u00f3n Europea ha sido pat\u00e9tica y ello lo llev\u00f3, al final, a hacer un pe-que\u00f1o gesto, igual que el director del diario Jyllands-Posten, pidiendo disculpas a quienes hubieran podido verse ofendidos en sus creencias por las vi\u00f1etas. Gesto perfectamente in\u00fatil, por lo dem\u00e1s, porque los gobiernos de las dictaduras y satrap\u00edas que protestan no quieren excusas, sino que el esc\u00e1ndalo y las movilizaciones contra \u00abel complot\u00bb duren lo m\u00e1s posible, pues as\u00ed distraen con un enemigo exterior a las desdichadas masas a las que mantienen en el hambre, la explotaci\u00f3n y la ignorancia.<\/p><\/blockquote>\n","protected":false},"excerpt":{"rendered":"<p>Estoy harto de la ideolog\u00eda de pseudo-izquierdas \u201cpol\u00edticamente correcta\u201d y algunas de sus autocensuras, lo que se ha reflejado perfectamente en el tema de la caricaturas de Mahoma. Con un seguidismo absoluto con la \u201cortodoxia del momento\u201d se han olvidado de defender el derecho de libertad de expresi\u00f3n para darle cancha a las teocracias que&hellip;&nbsp;<a href=\"https:\/\/junjan.org\/wordpress\/2006\/02\/_izquierdas_correctas\/\" rel=\"bookmark\">Leer m\u00e1s &raquo;<span class=\"screen-reader-text\">Pseudo-izquierdas pol\u00edticamente correctas<\/span><\/a><\/p>\n","protected":false},"author":1,"featured_media":0,"comment_status":"open","ping_status":"open","sticky":false,"template":"","format":"standard","meta":{"neve_meta_sidebar":"","neve_meta_container":"","neve_meta_enable_content_width":"","neve_meta_content_width":0,"neve_meta_title_alignment":"","neve_meta_author_avatar":"","neve_post_elements_order":"","neve_meta_disable_header":"","neve_meta_disable_footer":"","neve_meta_disable_title":"","footnotes":""},"categories":[9],"tags":[167],"class_list":["post-734","post","type-post","status-publish","format-standard","hentry","category-opinion","tag-vargas-llosa-izquierdas-mahoma"],"_links":{"self":[{"href":"https:\/\/junjan.org\/wordpress\/wp-json\/wp\/v2\/posts\/734","targetHints":{"allow":["GET"]}}],"collection":[{"href":"https:\/\/junjan.org\/wordpress\/wp-json\/wp\/v2\/posts"}],"about":[{"href":"https:\/\/junjan.org\/wordpress\/wp-json\/wp\/v2\/types\/post"}],"author":[{"embeddable":true,"href":"https:\/\/junjan.org\/wordpress\/wp-json\/wp\/v2\/users\/1"}],"replies":[{"embeddable":true,"href":"https:\/\/junjan.org\/wordpress\/wp-json\/wp\/v2\/comments?post=734"}],"version-history":[{"count":0,"href":"https:\/\/junjan.org\/wordpress\/wp-json\/wp\/v2\/posts\/734\/revisions"}],"wp:attachment":[{"href":"https:\/\/junjan.org\/wordpress\/wp-json\/wp\/v2\/media?parent=734"}],"wp:term":[{"taxonomy":"category","embeddable":true,"href":"https:\/\/junjan.org\/wordpress\/wp-json\/wp\/v2\/categories?post=734"},{"taxonomy":"post_tag","embeddable":true,"href":"https:\/\/junjan.org\/wordpress\/wp-json\/wp\/v2\/tags?post=734"}],"curies":[{"name":"wp","href":"https:\/\/api.w.org\/{rel}","templated":true}]}}