{"id":735,"date":"2006-02-14T01:17:29","date_gmt":"2006-02-14T01:17:29","guid":{"rendered":"http:\/\/junjan.org\/wordpress\/?p=735"},"modified":"2006-02-14T01:17:29","modified_gmt":"2006-02-14T01:17:29","slug":"la_mala_reputacin","status":"publish","type":"post","link":"https:\/\/junjan.org\/wordpress\/2006\/02\/la_mala_reputacin\/","title":{"rendered":"La mala reputaci\u00f3n"},"content":{"rendered":"<p><strong>La mala reputaci\u00f3n<\/strong> (<em>La Mauvaise R\u00e9putation<\/em>)<br \/>\nEn mi pueblo sin pretensi\u00f3n<br \/>\ntengo mala reputaci\u00f3n,<br \/>\nHaga lo que haga es igual<br \/>\ntodo lo consideran mal,<br \/>\nYo no pienso pues hacer ning\u00fan da\u00f1o<br \/>\nqueriendo vivir fuera del reba\u00f1o ;<br \/>\nNo, a la gente no gusta que<br \/>\nuno tenga su propia fe,<br \/>\nTodos todos me miran mal<br \/>\nsalvo los ciegos es natural.<br \/>\nCuando la fiesta nacional<br \/>\nyo me quedo en la cama igual,<br \/>\nQue la m\u00fasica militar<br \/>\nnunca me pudo levantar,<br \/>\nEn el mundo pues no hay mayor pecado<br \/>\nque el de no seguir al abanderado,<br \/>\nY a la gente no gusta que<br \/>\nuno tenga su propia fe,<br \/>\nTodos me muestran con el dedo<br \/>\nsalvo los mancos, quiero y no puedo.<br \/>\nSi en la calle corre un ladr\u00f3n<br \/>\ny a la zaga va un ricach\u00f3n,<br \/>\nZancadilla doy al se\u00f1or<br \/>\ny he aplastado el perseguidor,<br \/>\nEso s\u00ed que s\u00ed que ser\u00e1 una lata<br \/>\nsiempre tengo yo que meter la pata,<br \/>\nY a la gente no gusta que<br \/>\nuno tenga su propia fe,<br \/>\nTodos tras de m\u00ed a correr<br \/>\nsalvo los cojos, es de creer.<br \/>\nNo hace falta saber latin<br \/>\nyo ya s\u00e9 cu\u00e1l ser\u00e1 mi fin,<br \/>\nEn el pueblo se empieza o o\u00edr :<br \/>\nMuerte, muerte al villano vil.<br \/>\nYo no pienso pues armar ning\u00fan l\u00edo<br \/>\ncon que no va a Roma el camino m\u00edo<br \/>\nNo, a le gente no gusta que<br \/>\nuno tenga su propia fe,<br \/>\nTodos vendr\u00e1n a verme ahorcar,<br \/>\nsalvo los ciegos, es natural.<br \/>\nTema de Georges Brassens. Versi\u00f3n en castellano de Paco Iba\u00f1ez, traducida por Pierre Pascal.<\/p>\n","protected":false},"excerpt":{"rendered":"<p>La mala reputaci\u00f3n (La Mauvaise R\u00e9putation) En mi pueblo sin pretensi\u00f3n tengo mala reputaci\u00f3n, Haga lo que haga es igual todo lo consideran mal, Yo no pienso pues hacer ning\u00fan da\u00f1o queriendo vivir fuera del reba\u00f1o ; No, a la gente no gusta que uno tenga su propia fe, Todos todos me miran mal salvo&hellip;&nbsp;<a href=\"https:\/\/junjan.org\/wordpress\/2006\/02\/la_mala_reputacin\/\" rel=\"bookmark\">Leer m\u00e1s &raquo;<span class=\"screen-reader-text\">La mala reputaci\u00f3n<\/span><\/a><\/p>\n","protected":false},"author":1,"featured_media":0,"comment_status":"open","ping_status":"open","sticky":false,"template":"","format":"standard","meta":{"neve_meta_sidebar":"","neve_meta_container":"","neve_meta_enable_content_width":"","neve_meta_content_width":0,"neve_meta_title_alignment":"","neve_meta_author_avatar":"","neve_post_elements_order":"","neve_meta_disable_header":"","neve_meta_disable_footer":"","neve_meta_disable_title":"","footnotes":""},"categories":[13],"tags":[168],"class_list":["post-735","post","type-post","status-publish","format-standard","hentry","category-arte","tag-brassens-ibanez-fe"],"_links":{"self":[{"href":"https:\/\/junjan.org\/wordpress\/wp-json\/wp\/v2\/posts\/735","targetHints":{"allow":["GET"]}}],"collection":[{"href":"https:\/\/junjan.org\/wordpress\/wp-json\/wp\/v2\/posts"}],"about":[{"href":"https:\/\/junjan.org\/wordpress\/wp-json\/wp\/v2\/types\/post"}],"author":[{"embeddable":true,"href":"https:\/\/junjan.org\/wordpress\/wp-json\/wp\/v2\/users\/1"}],"replies":[{"embeddable":true,"href":"https:\/\/junjan.org\/wordpress\/wp-json\/wp\/v2\/comments?post=735"}],"version-history":[{"count":0,"href":"https:\/\/junjan.org\/wordpress\/wp-json\/wp\/v2\/posts\/735\/revisions"}],"wp:attachment":[{"href":"https:\/\/junjan.org\/wordpress\/wp-json\/wp\/v2\/media?parent=735"}],"wp:term":[{"taxonomy":"category","embeddable":true,"href":"https:\/\/junjan.org\/wordpress\/wp-json\/wp\/v2\/categories?post=735"},{"taxonomy":"post_tag","embeddable":true,"href":"https:\/\/junjan.org\/wordpress\/wp-json\/wp\/v2\/tags?post=735"}],"curies":[{"name":"wp","href":"https:\/\/api.w.org\/{rel}","templated":true}]}}