{"id":736,"date":"2006-02-21T23:20:48","date_gmt":"2006-02-21T23:20:48","guid":{"rendered":"http:\/\/junjan.org\/wordpress\/?p=736"},"modified":"2006-02-21T23:20:48","modified_gmt":"2006-02-21T23:20:48","slug":"historiador_autodidacta","status":"publish","type":"post","link":"https:\/\/junjan.org\/wordpress\/2006\/02\/historiador_autodidacta\/","title":{"rendered":"Historiador autodidacta"},"content":{"rendered":"<blockquote><p>[\u00abEl Pa\u00eds\u00bb:http:\/\/www.elpais.es\/articuloCompleto\/elpepiint\/20060221elpepiint_12\/Tes\/portada\/Condenado\/anos\/carcel\/negar\/Holocausto]. La justicia austriaca conden\u00f3 ayer al autor brit\u00e1nico David Irving a tres a\u00f1os de prisi\u00f3n por apolog\u00eda del nazismo. El historiador autodidacta, que a sus 67 a\u00f1os ha escrito decenas de libros que glorifican a Hitler y niegan las atrocidades del Holocausto, fue condenado pese a que durante el juicio reconoci\u00f3 que ha cambiado de opini\u00f3n y admiti\u00f3 la existencia de las c\u00e1maras de gas empleadas por los nazis para matar a millones de jud\u00edos.<br \/>\n(&#8230;)<br \/>\nEn plena controversia por las caricaturas de Mahoma, el proceso ha reavivado el debate sobre la libertad de expresi\u00f3n.<br \/>\n(&#8230;)<br \/>\nEl fiscal lo calific\u00f3 de \u00abpeligroso falsificador de la historia\u00bb y lo confront\u00f3 con sus propios escritos, en los que sostiene que la mayor parte de las v\u00edctimas del nazismo perecieron por epidemias, que en la noche de los cristales rotos los asesinatos fueron cometidos por \u00abdesconocidos disfrazados\u00bb de nazis o que Hitler hab\u00eda puesto \u00absu mano protectora sobre los jud\u00edos\u00bb y que desconoc\u00eda los cr\u00edmenes cometidos en su nombre. Seg\u00fan Klackl, Irving es todo \u00ablo contrario de un historiador, es un falsificador de la historia\u00bb, y sus escritos revelan \u00abtrazos claramente antisemitas\u00bb.<\/p><\/blockquote>\n","protected":false},"excerpt":{"rendered":"<p>[\u00abEl Pa\u00eds\u00bb:http:\/\/www.elpais.es\/articuloCompleto\/elpepiint\/20060221elpepiint_12\/Tes\/portada\/Condenado\/anos\/carcel\/negar\/Holocausto]. La justicia austriaca conden\u00f3 ayer al autor brit\u00e1nico David Irving a tres a\u00f1os de prisi\u00f3n por apolog\u00eda del nazismo. El historiador autodidacta, que a sus 67 a\u00f1os ha escrito decenas de libros que glorifican a Hitler y niegan las atrocidades del Holocausto, fue condenado pese a que durante el juicio reconoci\u00f3 que ha&hellip;&nbsp;<a href=\"https:\/\/junjan.org\/wordpress\/2006\/02\/historiador_autodidacta\/\" rel=\"bookmark\">Leer m\u00e1s &raquo;<span class=\"screen-reader-text\">Historiador autodidacta<\/span><\/a><\/p>\n","protected":false},"author":1,"featured_media":0,"comment_status":"open","ping_status":"open","sticky":false,"template":"","format":"standard","meta":{"neve_meta_sidebar":"","neve_meta_container":"","neve_meta_enable_content_width":"","neve_meta_content_width":0,"neve_meta_title_alignment":"","neve_meta_author_avatar":"","neve_post_elements_order":"","neve_meta_disable_header":"","neve_meta_disable_footer":"","neve_meta_disable_title":"","footnotes":""},"categories":[81],"tags":[169],"class_list":["post-736","post","type-post","status-publish","format-standard","hentry","category-revista-de-prensa","tag-nazismo-historia-libertad-expresion"],"_links":{"self":[{"href":"https:\/\/junjan.org\/wordpress\/wp-json\/wp\/v2\/posts\/736","targetHints":{"allow":["GET"]}}],"collection":[{"href":"https:\/\/junjan.org\/wordpress\/wp-json\/wp\/v2\/posts"}],"about":[{"href":"https:\/\/junjan.org\/wordpress\/wp-json\/wp\/v2\/types\/post"}],"author":[{"embeddable":true,"href":"https:\/\/junjan.org\/wordpress\/wp-json\/wp\/v2\/users\/1"}],"replies":[{"embeddable":true,"href":"https:\/\/junjan.org\/wordpress\/wp-json\/wp\/v2\/comments?post=736"}],"version-history":[{"count":0,"href":"https:\/\/junjan.org\/wordpress\/wp-json\/wp\/v2\/posts\/736\/revisions"}],"wp:attachment":[{"href":"https:\/\/junjan.org\/wordpress\/wp-json\/wp\/v2\/media?parent=736"}],"wp:term":[{"taxonomy":"category","embeddable":true,"href":"https:\/\/junjan.org\/wordpress\/wp-json\/wp\/v2\/categories?post=736"},{"taxonomy":"post_tag","embeddable":true,"href":"https:\/\/junjan.org\/wordpress\/wp-json\/wp\/v2\/tags?post=736"}],"curies":[{"name":"wp","href":"https:\/\/api.w.org\/{rel}","templated":true}]}}