{"id":738,"date":"2006-02-26T13:40:40","date_gmt":"2006-02-26T13:40:40","guid":{"rendered":"http:\/\/junjan.org\/wordpress\/?p=738"},"modified":"2006-02-26T13:40:40","modified_gmt":"2006-02-26T13:40:40","slug":"otra_de_cifras","status":"publish","type":"post","link":"https:\/\/junjan.org\/wordpress\/2006\/02\/otra_de_cifras\/","title":{"rendered":"Otra de cifras"},"content":{"rendered":"<p>Manifestaci\u00f3n del [\u00ab25-F\u00bb:http:\/\/news.google.es\/news?sourceid=Mozilla-search&#038;hl=es&#038;q=25-F], esas cifras. S\u00f3lo recordar que Esperanza Aguirre ha pedido el cese del delegado del Gobierno, Constantino M\u00e9ndez, por este motivo.<br \/>\nEmpecemos con la \u00abcifra real\u00bb calculada por el [\u00abManifest\u00f3metro\u00bb:http:\/\/manifestometro.blogspot.com\/2006\/02\/concentracin-25-f-recuento-de.html]:<\/p>\n<blockquote><p>\n\u00abUn total de aproximadamente 54935 m2. La densidad de personas era muy baja en esta ocasi\u00f3n, quiz\u00e1 achacable a la presencia de la lluvia. Por tanto, considerando 2 personas por metro cuadrado, se obtienen <strong>109870<\/strong> manifestantes. Con 3 personas por metro cuadrado, se obtienen <strong>164805<\/strong> manifestantes.\u00bb\n<\/p><\/blockquote>\n<p>La comunidad de Madrid, quiz\u00e1s Esperenza Aguirre \u00abin person\u00bb que cont\u00f3 a todos los manifestantes, calcul\u00f3 una presencia de 1.400.000 personas. Seg\u00fan la organizaci\u00f3n, 1.750.000 personas, y seg\u00fan la delegacic\u00f3n del gobierno 110.000. Los medios, en general, se han moderado en sus c\u00e1lculos.<br \/>\nABC:<br \/>\n&#8211; en la Editorial: [\u00abCientos de miles\u00bb:http:\/\/www.abc.es\/abc\/pg060226\/prensa\/noticias\/Opinion\/Editoriales\/200602\/26\/NAC-OPI-018.asp].<br \/>\n&#8211; en el art\u00edculo: [\u00abMultitud y alusiones a la guerra de cifras\u00bb:http:\/\/www.abc.es\/abc\/pg060226\/prensa\/noticias\/Nacional\/Terrorismo\/200602\/26\/NAC-NAC-038.asp].<br \/>\nLa Raz\u00f3n, en el art\u00edculo: [\u00abM\u00e1s de un mill\u00f3n de personas\u00bb:http:\/\/www.larazon.es\/noticias\/noti_nac13194.htm], alusi\u00f3n a la guerra de cifras.<br \/>\nBBC Mundo: [\u00abDecenas de miles de personas\u00bb:http:\/\/news8.thdo.bbc.co.uk\/hi\/spanish\/international\/newsid_4751000\/4751722.stm].<br \/>\nEl Mundo: \u00abUna Multitud\u00bb:http:\/\/www.elmundo.es\/elmundo\/2006\/02\/25\/espana\/1140884446.html y alusi\u00f3n a la guerra de cifras.<br \/>\nEl Pa\u00eds: [\u00abEntre 177.000 y 190.000 personas\u00bb:http:\/\/www.elpais.es\/articulo\/elpporesp\/20060226elpepinac_1\/Tes\/espana\/200000\/personas\/reclaman\/Zapatero\/negocie\/ETA\/piden\/dimision].<br \/>\nHispalibertas: \u00abCentenares de miles\u00bb:http:\/\/www.hispalibertas.com\/noticias\/2006\/02\/25\/centenares-de-miles-espanoles-dicen-no-a-la-negociacion-con-eta.html y alusi\u00f3n a la guerra de cifras.<br \/>\nInformativos Telecinco: [\u00abAlusi\u00f3n a la guerra de cifras\u00bb:http:\/\/www.informativos.telecinco.es\/avt\/pp\/manifestacion\/dn_20998.htm].<br \/>\nLibertad Digital: \u00abM\u00e1s de 1.400.000 personas\u00bb:http:\/\/libertaddigital.com\/noticias\/noticia_1276273017.html y aceptaci\u00f3n de que los c\u00e1lculos de la delegaci\u00f3n del gobierno son una \u00abburla\u00bb.<br \/>\n&#8211; en la editorial: [\u00abM\u00e1s de un mill\u00f3n de espa\u00f1oles\u00bb:http:\/\/libertaddigital.com\/opiniones\/opi_desa_29983.html], y un t\u00edmido intento a bajarse de la burra con la siguiente frase:<\/p>\n<blockquote><p>\n\u00abCualquier n\u00famero de ciudadanos manifest\u00e1ndose por las v\u00edctimas y la libertad es ya un \u00e9xito para quien las valora, y s\u00f3lo quienes las desprecian de todo coraz\u00f3n pueden recurrir a una cifra para hacerles de menos.\u00bb\n<\/p><\/blockquote>\n<p>Ya se qui\u00e9n me dices, pero no ha venido. M\u00e1s abajo se deciden a dar un calificativo m\u00e1s interesante:<\/p>\n<blockquote><p>\n\u00abEn esta tercera manifestaci\u00f3n convocada por las v\u00edctimas de ETA en un a\u00f1o, adem\u00e1s del <strong>sobrecogedor<\/strong> n\u00famero de espa\u00f1oles que han decidido pasar este s\u00e1bado desapacible de Madrid en la calle, ha resultado llamativa la imagen muchas veces repetida de la bandera espa\u00f1ola, que les acompa\u00f1aba.\u00bb\n<\/p><\/blockquote>\n<p>Conclusi\u00f3n. S\u00f3lo Esperenza Aguirre, y por lo tanto el PP, y sus medios m\u00e1s asociados dan por v\u00e1lida su cifra. El resto, salvo El Pa\u00eds, no se mojan demasiado y aluden a la guerra de cifras.<\/p>\n","protected":false},"excerpt":{"rendered":"<p>Manifestaci\u00f3n del [\u00ab25-F\u00bb:http:\/\/news.google.es\/news?sourceid=Mozilla-search&#038;hl=es&#038;q=25-F], esas cifras. S\u00f3lo recordar que Esperanza Aguirre ha pedido el cese del delegado del Gobierno, Constantino M\u00e9ndez, por este motivo. Empecemos con la \u00abcifra real\u00bb calculada por el [\u00abManifest\u00f3metro\u00bb:http:\/\/manifestometro.blogspot.com\/2006\/02\/concentracin-25-f-recuento-de.html]: \u00abUn total de aproximadamente 54935 m2. La densidad de personas era muy baja en esta ocasi\u00f3n, quiz\u00e1 achacable a la presencia de la&hellip;&nbsp;<a href=\"https:\/\/junjan.org\/wordpress\/2006\/02\/otra_de_cifras\/\" rel=\"bookmark\">Leer m\u00e1s &raquo;<span class=\"screen-reader-text\">Otra de cifras<\/span><\/a><\/p>\n","protected":false},"author":1,"featured_media":0,"comment_status":"open","ping_status":"open","sticky":false,"template":"","format":"standard","meta":{"neve_meta_sidebar":"","neve_meta_container":"","neve_meta_enable_content_width":"","neve_meta_content_width":0,"neve_meta_title_alignment":"","neve_meta_author_avatar":"","neve_post_elements_order":"","neve_meta_disable_header":"","neve_meta_disable_footer":"","neve_meta_disable_title":"","footnotes":""},"categories":[5],"tags":[171],"class_list":["post-738","post","type-post","status-publish","format-standard","hentry","category-actualidad","tag-25-f-manifestacion-guerra-de-cifras-pp-manipulacion"],"_links":{"self":[{"href":"https:\/\/junjan.org\/wordpress\/wp-json\/wp\/v2\/posts\/738","targetHints":{"allow":["GET"]}}],"collection":[{"href":"https:\/\/junjan.org\/wordpress\/wp-json\/wp\/v2\/posts"}],"about":[{"href":"https:\/\/junjan.org\/wordpress\/wp-json\/wp\/v2\/types\/post"}],"author":[{"embeddable":true,"href":"https:\/\/junjan.org\/wordpress\/wp-json\/wp\/v2\/users\/1"}],"replies":[{"embeddable":true,"href":"https:\/\/junjan.org\/wordpress\/wp-json\/wp\/v2\/comments?post=738"}],"version-history":[{"count":0,"href":"https:\/\/junjan.org\/wordpress\/wp-json\/wp\/v2\/posts\/738\/revisions"}],"wp:attachment":[{"href":"https:\/\/junjan.org\/wordpress\/wp-json\/wp\/v2\/media?parent=738"}],"wp:term":[{"taxonomy":"category","embeddable":true,"href":"https:\/\/junjan.org\/wordpress\/wp-json\/wp\/v2\/categories?post=738"},{"taxonomy":"post_tag","embeddable":true,"href":"https:\/\/junjan.org\/wordpress\/wp-json\/wp\/v2\/tags?post=738"}],"curies":[{"name":"wp","href":"https:\/\/api.w.org\/{rel}","templated":true}]}}