{"id":740,"date":"2006-03-02T16:17:54","date_gmt":"2006-03-02T16:17:54","guid":{"rendered":"http:\/\/junjan.org\/wordpress\/?p=740"},"modified":"2006-03-02T16:17:54","modified_gmt":"2006-03-02T16:17:54","slug":"contra_el_extremismo_religioso","status":"publish","type":"post","link":"https:\/\/junjan.org\/wordpress\/2006\/03\/contra_el_extremismo_religioso\/","title":{"rendered":"Contra el extremismo religioso"},"content":{"rendered":"<p>Manifiesto firmado por Ayaan Hirsi Ali, Chahla Chafiq, Caroline Fourest, Bernard-Henri L\u00e9vy, Irshad Manji, Mehdi Mozaffari, Maryam Namazie, Taslima Nasreen, Salman Rushdie, Antoine Sfeir, Philippe Val y Ibn Warraq.<br \/>\nVer noticia en [\u00abBBC Mundo\u00bb:http:\/\/news.bbc.co.uk\/hi\/spanish\/international\/newsid_4764000\/4764390.stm].<\/p>\n<blockquote><p>\n\u00abLike all totalitarianisms, Islamism is nurtured by fears and frustrations. The hate preachers bet on these feelings in order to form battalions destined to impose a liberticidal and unegalitarian world. But we clearly and firmly state: nothing, not even despair, justifies the choice of obscurantism, totalitarianism and hatred. Islamism is a reactionary ideology which kills equality, freedom and secularism wherever it is present. Its success can only lead to a world of domination: man&#8217;s domination of woman, the Islamists&#8217; domination of all the others. To counter this, we must assure universal rights to oppressed or discriminated people.<br \/>\nWe reject \u00ab cultural relativism \u00bb, which consists in accepting that men and women of Muslim culture should be deprived of the right to equality, freedom and secular values in the name of respect for cultures and traditions. We refuse to renounce our critical spirit out of fear of being accused of \u00abIslamophobia\u00bb, an unfortunate concept which confuses criticism of Islam as a religion with stigmatisation of its believers.\u00bb<br \/>\n\u00ab<em>Como todos los totalitarismos, el islamismo se alimenta de miedos y frustraciones. Los predicadores del odio apuestan por esos sentimientos para formar sus batallones destinados a imponer un mundo liberticida y desigual. Pero nada, ni siquiera la desesperaci\u00f3n, justifica la elecci\u00f3n del oscurantismo, el totalitarismo y el odio. Es islamismo es una ideolog\u00eda reaccionara que mata la igualdad, la libertad y el laicismo donde este presente. Su \u00e9xito s\u00f3lo puede llevar a un mundo de dominaci\u00f3n: la dominaci\u00f3n de la mujer por parte del hombre y la dominaci\u00f3n de todos por parte de los islamistas. Para contrarrestarlo, debemos garantizar derechos universales a los oprimidos y discriminados.<br \/>\nEstamos en contra del relativismo cultural, esto significa que no aceptamos que hombres y mujeres musulmanes deban ser privados de sus derechos a la igualdad, la libertad y el laicismo en nombre del respeto a una cultura o una tradici\u00f3n. Rechazamos renunciar a nuestro esp\u00edritu cr\u00edtico por miedo a ser acusados de \u00abislamofobia\u00bb, un concepto desafortunado que confunde la cr\u00edtica del Islam como religi\u00f3n con la estigmatizaci\u00f3n de sus creyentes.<\/em>\u00bb<\/p><\/blockquote>\n<p>Donde dice islamismo l\u00e9ase todos los fundamentalismos religiosos&#8230;<\/p>\n","protected":false},"excerpt":{"rendered":"<p>Manifiesto firmado por Ayaan Hirsi Ali, Chahla Chafiq, Caroline Fourest, Bernard-Henri L\u00e9vy, Irshad Manji, Mehdi Mozaffari, Maryam Namazie, Taslima Nasreen, Salman Rushdie, Antoine Sfeir, Philippe Val y Ibn Warraq. Ver noticia en [\u00abBBC Mundo\u00bb:http:\/\/news.bbc.co.uk\/hi\/spanish\/international\/newsid_4764000\/4764390.stm]. \u00abLike all totalitarianisms, Islamism is nurtured by fears and frustrations. The hate preachers bet on these feelings in order to form&hellip;&nbsp;<a href=\"https:\/\/junjan.org\/wordpress\/2006\/03\/contra_el_extremismo_religioso\/\" rel=\"bookmark\">Leer m\u00e1s &raquo;<span class=\"screen-reader-text\">Contra el extremismo religioso<\/span><\/a><\/p>\n","protected":false},"author":1,"featured_media":0,"comment_status":"open","ping_status":"open","sticky":false,"template":"","format":"standard","meta":{"neve_meta_sidebar":"","neve_meta_container":"","neve_meta_enable_content_width":"","neve_meta_content_width":0,"neve_meta_title_alignment":"","neve_meta_author_avatar":"","neve_post_elements_order":"","neve_meta_disable_header":"","neve_meta_disable_footer":"","neve_meta_disable_title":"","footnotes":""},"categories":[81],"tags":[173],"class_list":["post-740","post","type-post","status-publish","format-standard","hentry","category-revista-de-prensa","tag-islamismo-libertad-de-expresion-salman-rushdie"],"_links":{"self":[{"href":"https:\/\/junjan.org\/wordpress\/wp-json\/wp\/v2\/posts\/740","targetHints":{"allow":["GET"]}}],"collection":[{"href":"https:\/\/junjan.org\/wordpress\/wp-json\/wp\/v2\/posts"}],"about":[{"href":"https:\/\/junjan.org\/wordpress\/wp-json\/wp\/v2\/types\/post"}],"author":[{"embeddable":true,"href":"https:\/\/junjan.org\/wordpress\/wp-json\/wp\/v2\/users\/1"}],"replies":[{"embeddable":true,"href":"https:\/\/junjan.org\/wordpress\/wp-json\/wp\/v2\/comments?post=740"}],"version-history":[{"count":0,"href":"https:\/\/junjan.org\/wordpress\/wp-json\/wp\/v2\/posts\/740\/revisions"}],"wp:attachment":[{"href":"https:\/\/junjan.org\/wordpress\/wp-json\/wp\/v2\/media?parent=740"}],"wp:term":[{"taxonomy":"category","embeddable":true,"href":"https:\/\/junjan.org\/wordpress\/wp-json\/wp\/v2\/categories?post=740"},{"taxonomy":"post_tag","embeddable":true,"href":"https:\/\/junjan.org\/wordpress\/wp-json\/wp\/v2\/tags?post=740"}],"curies":[{"name":"wp","href":"https:\/\/api.w.org\/{rel}","templated":true}]}}