{"id":745,"date":"2006-03-05T15:20:01","date_gmt":"2006-03-05T15:20:01","guid":{"rendered":"http:\/\/junjan.org\/wordpress\/?p=745"},"modified":"2006-03-05T15:20:01","modified_gmt":"2006-03-05T15:20:01","slug":"en_el_escenario","status":"publish","type":"post","link":"https:\/\/junjan.org\/wordpress\/2006\/03\/en_el_escenario\/","title":{"rendered":"En el escenario"},"content":{"rendered":"<p>Esto de tener a un grupo de j\u00f3venes promesas del partido con cara de p\u00f3quer (o de sue\u00f1o y aburrimiento infinitos) como fondo de los discursos pol\u00edticos se ha convertido en una moda. Parece que los decoradores de interiores y los directores de campa\u00f1a se han puesto de acuerdo, y la moda es poner al candidato en un estrado espacioso con los j\u00f3venes al fondo y los mayores al frente. Tambi\u00e9n est\u00e1 de moda una especie de campechan\u00eda finjida donde los cuellos altos, la ausencia de corbatas o los toques de color son norma. Los dircursos dan pie a aplausos matem\u00e1ticos. Los j\u00f3venes son protot\u00edpicos hijos de los miebros del partido (unos calculadamente saludables y guapos, otros calculadamente desenfadados), los colores pasteles, los mensajes mil veces repetidos. El pensamiento cr\u00edtico brilla por su ausencia.<\/p>\n","protected":false},"excerpt":{"rendered":"<p>Esto de tener a un grupo de j\u00f3venes promesas del partido con cara de p\u00f3quer (o de sue\u00f1o y aburrimiento infinitos) como fondo de los discursos pol\u00edticos se ha convertido en una moda. Parece que los decoradores de interiores y los directores de campa\u00f1a se han puesto de acuerdo, y la moda es poner al&hellip;&nbsp;<a href=\"https:\/\/junjan.org\/wordpress\/2006\/03\/en_el_escenario\/\" rel=\"bookmark\">Leer m\u00e1s &raquo;<span class=\"screen-reader-text\">En el escenario<\/span><\/a><\/p>\n","protected":false},"author":1,"featured_media":0,"comment_status":"open","ping_status":"open","sticky":false,"template":"","format":"standard","meta":{"neve_meta_sidebar":"","neve_meta_container":"","neve_meta_enable_content_width":"","neve_meta_content_width":0,"neve_meta_title_alignment":"","neve_meta_author_avatar":"","neve_post_elements_order":"","neve_meta_disable_header":"","neve_meta_disable_footer":"","neve_meta_disable_title":"","footnotes":""},"categories":[84],"tags":[178],"class_list":["post-745","post","type-post","status-publish","format-standard","hentry","category-divagaciones","tag-partidos-poiticos-pensamiento-critico-divagaciones"],"_links":{"self":[{"href":"https:\/\/junjan.org\/wordpress\/wp-json\/wp\/v2\/posts\/745","targetHints":{"allow":["GET"]}}],"collection":[{"href":"https:\/\/junjan.org\/wordpress\/wp-json\/wp\/v2\/posts"}],"about":[{"href":"https:\/\/junjan.org\/wordpress\/wp-json\/wp\/v2\/types\/post"}],"author":[{"embeddable":true,"href":"https:\/\/junjan.org\/wordpress\/wp-json\/wp\/v2\/users\/1"}],"replies":[{"embeddable":true,"href":"https:\/\/junjan.org\/wordpress\/wp-json\/wp\/v2\/comments?post=745"}],"version-history":[{"count":0,"href":"https:\/\/junjan.org\/wordpress\/wp-json\/wp\/v2\/posts\/745\/revisions"}],"wp:attachment":[{"href":"https:\/\/junjan.org\/wordpress\/wp-json\/wp\/v2\/media?parent=745"}],"wp:term":[{"taxonomy":"category","embeddable":true,"href":"https:\/\/junjan.org\/wordpress\/wp-json\/wp\/v2\/categories?post=745"},{"taxonomy":"post_tag","embeddable":true,"href":"https:\/\/junjan.org\/wordpress\/wp-json\/wp\/v2\/tags?post=745"}],"curies":[{"name":"wp","href":"https:\/\/api.w.org\/{rel}","templated":true}]}}