{"id":749,"date":"2006-03-11T18:24:54","date_gmt":"2006-03-11T17:24:54","guid":{"rendered":"http:\/\/junjan.org\/wordpress\/?p=749"},"modified":"2011-05-24T23:12:30","modified_gmt":"2011-05-24T21:12:30","slug":"historia_en_mp3","status":"publish","type":"post","link":"https:\/\/junjan.org\/wordpress\/2006\/03\/historia_en_mp3\/","title":{"rendered":"Historia en mp3"},"content":{"rendered":"<p>Vuelvo a escuchar la emisi\u00f3n de la cadena SER del 11M a las ocho de la ma\u00f1ana. Me vuelve a pasar lo mismo. Un escalofr\u00edo me recorre la espalda cuando oigo los titubeos de los corresponsales y de I\u00f1aki Gabilondo cuando empiezan a darse cuenta de la dimensi\u00f3n de los atentados. La Cadena SER ha ordenado su emisi\u00f3n completa del 11 al 14 de marzo de 2004. [\u00abDocumento hist\u00f3rico en mp3\u00bb:http:\/\/www.cadenaser.com\/static\/especiales\/2005\/sonidos11_14\/index.html].<\/p>\n","protected":false},"excerpt":{"rendered":"<p>Vuelvo a escuchar la emisi\u00f3n de la cadena SER del 11M a las ocho de la ma\u00f1ana. Me vuelve a pasar lo mismo. Un escalofr\u00edo me recorre la espalda cuando oigo los titubeos de los corresponsales y de I\u00f1aki Gabilondo cuando empiezan a darse cuenta de la dimensi\u00f3n de los atentados. La Cadena SER ha&hellip;&nbsp;<a href=\"https:\/\/junjan.org\/wordpress\/2006\/03\/historia_en_mp3\/\" rel=\"bookmark\">Leer m\u00e1s &raquo;<span class=\"screen-reader-text\">Historia en mp3<\/span><\/a><\/p>\n","protected":false},"author":1,"featured_media":0,"comment_status":"open","ping_status":"open","sticky":false,"template":"","format":"standard","meta":{"neve_meta_sidebar":"","neve_meta_container":"","neve_meta_enable_content_width":"","neve_meta_content_width":0,"neve_meta_title_alignment":"","neve_meta_author_avatar":"","neve_post_elements_order":"","neve_meta_disable_header":"","neve_meta_disable_footer":"","neve_meta_disable_title":"","footnotes":""},"categories":[5],"tags":[36,654],"class_list":["post-749","post","type-post","status-publish","format-standard","hentry","category-actualidad","tag-11m","tag-cadena-ser"],"_links":{"self":[{"href":"https:\/\/junjan.org\/wordpress\/wp-json\/wp\/v2\/posts\/749","targetHints":{"allow":["GET"]}}],"collection":[{"href":"https:\/\/junjan.org\/wordpress\/wp-json\/wp\/v2\/posts"}],"about":[{"href":"https:\/\/junjan.org\/wordpress\/wp-json\/wp\/v2\/types\/post"}],"author":[{"embeddable":true,"href":"https:\/\/junjan.org\/wordpress\/wp-json\/wp\/v2\/users\/1"}],"replies":[{"embeddable":true,"href":"https:\/\/junjan.org\/wordpress\/wp-json\/wp\/v2\/comments?post=749"}],"version-history":[{"count":1,"href":"https:\/\/junjan.org\/wordpress\/wp-json\/wp\/v2\/posts\/749\/revisions"}],"predecessor-version":[{"id":1315,"href":"https:\/\/junjan.org\/wordpress\/wp-json\/wp\/v2\/posts\/749\/revisions\/1315"}],"wp:attachment":[{"href":"https:\/\/junjan.org\/wordpress\/wp-json\/wp\/v2\/media?parent=749"}],"wp:term":[{"taxonomy":"category","embeddable":true,"href":"https:\/\/junjan.org\/wordpress\/wp-json\/wp\/v2\/categories?post=749"},{"taxonomy":"post_tag","embeddable":true,"href":"https:\/\/junjan.org\/wordpress\/wp-json\/wp\/v2\/tags?post=749"}],"curies":[{"name":"wp","href":"https:\/\/api.w.org\/{rel}","templated":true}]}}