{"id":752,"date":"2006-03-14T22:27:01","date_gmt":"2006-03-14T22:27:01","guid":{"rendered":"http:\/\/junjan.org\/wordpress\/?p=752"},"modified":"2020-11-26T23:20:57","modified_gmt":"2020-11-26T22:20:57","slug":"paranoia_a_gogo","status":"publish","type":"post","link":"https:\/\/junjan.org\/wordpress\/2006\/03\/paranoia_a_gogo\/","title":{"rendered":"Paranoia a go-go"},"content":{"rendered":"\n<p>La pr\u00e1ctica y el desparpajo cogidos durante a\u00f1os de ser m\u00e1s papistas que el papa y afirmar d\u00eda a d\u00eda la existencia de las armas de destrucci\u00f3n masiva de Saddam no han sido en vano. Tanto entrenamiento en las artes del enga\u00f1o y la falacia ha sido recompensado con otro \u00absanto grial\u00bb que defender ante toda evidencia: \u00abla conspiraci\u00f3n del 11M\u00bb. Con el inestimable trabajo del comit\u00e9 de conspiraci\u00f3n permanente de \u00abEl Mundo\u00bb, la historia lleva camino de convertirse en una trama m\u00e1s enrevesada que el asesinato de JFK.<br>Parte de la delirante teor\u00eda se ha podido ver en el documental (\u00bfdocudrama?) de <a rel=\"noreferrer noopener\" href=\"http:\/\/www.libertaddigital.com\/bitacora\/enigmas11m\/\" data-type=\"URL\" data-id=\"http:\/\/www.libertaddigital.com\/bitacora\/enigmas11m\/\" target=\"_blank\">Luis del Pino<\/a>: <a rel=\"noreferrer noopener\" href=\"https:\/\/www.youtube.com\/watch?v=6pOvm_dPYlU\" data-type=\"URL\" data-id=\"https:\/\/www.youtube.com\/watch?v=6pOvm_dPYlU\" target=\"_blank\">Las sombras del 11M<\/a> (YouTube), financiado y emitido por TeleMadrid. En este impagable documento que afirma haber analizado en profundidad el sumario del 11M, \u00bfno era secreto?, se marea la perdiz de la conspiraci\u00f3n hasta el infinito. Una combinaci\u00f3n de im\u00e1genes de archivo, m\u00fasica de pel\u00edculas de misterio, JFK entre ellas (pobre John Williams), y una \u00abvoz en off\u00bb que relata los \u00abhechos\u00bb y nos comenta todo los que le resulta \u00absorprendente\u00bb, \u00abrepentino\u00bb, \u00abdudoso\u00bb, etc. Flipante, asqueroso, delirante.<\/p>\n","protected":false},"excerpt":{"rendered":"<p>La pr\u00e1ctica y el desparpajo cogidos durante a\u00f1os de ser m\u00e1s papistas que el papa y afirmar d\u00eda a d\u00eda la existencia de las armas de destrucci\u00f3n masiva de Saddam no han sido en vano. Tanto entrenamiento en las artes del enga\u00f1o y la falacia ha sido recompensado con otro \u00absanto grial\u00bb que defender ante&hellip;&nbsp;<a href=\"https:\/\/junjan.org\/wordpress\/2006\/03\/paranoia_a_gogo\/\" rel=\"bookmark\">Leer m\u00e1s &raquo;<span class=\"screen-reader-text\">Paranoia a go-go<\/span><\/a><\/p>\n","protected":false},"author":1,"featured_media":0,"comment_status":"open","ping_status":"open","sticky":false,"template":"","format":"standard","meta":{"neve_meta_sidebar":"","neve_meta_container":"","neve_meta_enable_content_width":"","neve_meta_content_width":0,"neve_meta_title_alignment":"","neve_meta_author_avatar":"","neve_post_elements_order":"","neve_meta_disable_header":"","neve_meta_disable_footer":"","neve_meta_disable_title":"","footnotes":""},"categories":[84],"tags":[36,979,978],"class_list":["post-752","post","type-post","status-publish","format-standard","hentry","category-divagaciones","tag-11m","tag-luis-del-pino","tag-telemadrid"],"_links":{"self":[{"href":"https:\/\/junjan.org\/wordpress\/wp-json\/wp\/v2\/posts\/752","targetHints":{"allow":["GET"]}}],"collection":[{"href":"https:\/\/junjan.org\/wordpress\/wp-json\/wp\/v2\/posts"}],"about":[{"href":"https:\/\/junjan.org\/wordpress\/wp-json\/wp\/v2\/types\/post"}],"author":[{"embeddable":true,"href":"https:\/\/junjan.org\/wordpress\/wp-json\/wp\/v2\/users\/1"}],"replies":[{"embeddable":true,"href":"https:\/\/junjan.org\/wordpress\/wp-json\/wp\/v2\/comments?post=752"}],"version-history":[{"count":1,"href":"https:\/\/junjan.org\/wordpress\/wp-json\/wp\/v2\/posts\/752\/revisions"}],"predecessor-version":[{"id":2648,"href":"https:\/\/junjan.org\/wordpress\/wp-json\/wp\/v2\/posts\/752\/revisions\/2648"}],"wp:attachment":[{"href":"https:\/\/junjan.org\/wordpress\/wp-json\/wp\/v2\/media?parent=752"}],"wp:term":[{"taxonomy":"category","embeddable":true,"href":"https:\/\/junjan.org\/wordpress\/wp-json\/wp\/v2\/categories?post=752"},{"taxonomy":"post_tag","embeddable":true,"href":"https:\/\/junjan.org\/wordpress\/wp-json\/wp\/v2\/tags?post=752"}],"curies":[{"name":"wp","href":"https:\/\/api.w.org\/{rel}","templated":true}]}}