{"id":753,"date":"2006-03-15T01:21:36","date_gmt":"2006-03-15T00:21:36","guid":{"rendered":"http:\/\/junjan.org\/wordpress\/?p=753"},"modified":"2011-05-24T23:12:46","modified_gmt":"2011-05-24T21:12:46","slug":"la_trama","status":"publish","type":"post","link":"https:\/\/junjan.org\/wordpress\/2006\/03\/la_trama\/","title":{"rendered":"La trama"},"content":{"rendered":"<p>[\u00abLa Mochila de Ca\u00edn\u00bb:http:\/\/www.elpais.es\/articuloCompleto\/elpepiesp\/20060314elpepinac_15\/Tes\/espana\/mochila\/Cain], Miguel \u00c1ngel Aguilar en El Pa\u00eds.<\/p>\n<blockquote><p>\n\u00abSon muchas las inc\u00f3gnitas que acompa\u00f1an a los cr\u00edmenes. En la narraci\u00f3n del primero, seg\u00fan el cap\u00edtulo cuarto del G\u00e9nesis, Ca\u00edn, el primog\u00e9nito de Ad\u00e1n y Eva, cultivaba la tierra mientras su hermano menor, Abel, era pastor. Es decir, no eran competidores. Ambos buscaban agradar al Se\u00f1or, quien ve\u00eda bien las ofrendas de Abel, mientras objetaba las de Ca\u00edn. Resentido \u00e9ste, le dijo a su hermano que saliera afuera y cuando estuvieron en el campo se abalanz\u00f3 sobre \u00e9l y le mat\u00f3. Pero, \u00bffue con la quijada de un asno?, \u00bfqu\u00e9 trama se la hab\u00eda proporcionado?, \u00bfestaba Abel inerme, sin poder de r\u00e9plica alguno, o respondi\u00f3 a la agresi\u00f3n aunque perdiera la pelea?, \u00bfresult\u00f3 Ca\u00edn herido de alguna consideraci\u00f3n en la reyerta?, \u00bfqui\u00e9n se qued\u00f3 con el reba\u00f1o de Abel?, \u00bfqu\u00e9 fue de su zurr\u00f3n de pastor y de la mochila de labrador de Ca\u00edn?, \u00bfqui\u00e9n fabric\u00f3 la versi\u00f3n ama\u00f1ada del G\u00e9nesis, controlado por los aviesos polanquistas? Seguiremos informando.\u00bb\n<\/p><\/blockquote>\n","protected":false},"excerpt":{"rendered":"<p>[\u00abLa Mochila de Ca\u00edn\u00bb:http:\/\/www.elpais.es\/articuloCompleto\/elpepiesp\/20060314elpepinac_15\/Tes\/espana\/mochila\/Cain], Miguel \u00c1ngel Aguilar en El Pa\u00eds. \u00abSon muchas las inc\u00f3gnitas que acompa\u00f1an a los cr\u00edmenes. En la narraci\u00f3n del primero, seg\u00fan el cap\u00edtulo cuarto del G\u00e9nesis, Ca\u00edn, el primog\u00e9nito de Ad\u00e1n y Eva, cultivaba la tierra mientras su hermano menor, Abel, era pastor. Es decir, no eran competidores. Ambos buscaban agradar&hellip;&nbsp;<a href=\"https:\/\/junjan.org\/wordpress\/2006\/03\/la_trama\/\" rel=\"bookmark\">Leer m\u00e1s &raquo;<span class=\"screen-reader-text\">La trama<\/span><\/a><\/p>\n","protected":false},"author":1,"featured_media":0,"comment_status":"open","ping_status":"open","sticky":false,"template":"","format":"standard","meta":{"neve_meta_sidebar":"","neve_meta_container":"","neve_meta_enable_content_width":"","neve_meta_content_width":0,"neve_meta_title_alignment":"","neve_meta_author_avatar":"","neve_post_elements_order":"","neve_meta_disable_header":"","neve_meta_disable_footer":"","neve_meta_disable_title":"","footnotes":""},"categories":[81],"tags":[36,655,656],"class_list":["post-753","post","type-post","status-publish","format-standard","hentry","category-revista-de-prensa","tag-11m","tag-distorsion","tag-paranoia"],"_links":{"self":[{"href":"https:\/\/junjan.org\/wordpress\/wp-json\/wp\/v2\/posts\/753","targetHints":{"allow":["GET"]}}],"collection":[{"href":"https:\/\/junjan.org\/wordpress\/wp-json\/wp\/v2\/posts"}],"about":[{"href":"https:\/\/junjan.org\/wordpress\/wp-json\/wp\/v2\/types\/post"}],"author":[{"embeddable":true,"href":"https:\/\/junjan.org\/wordpress\/wp-json\/wp\/v2\/users\/1"}],"replies":[{"embeddable":true,"href":"https:\/\/junjan.org\/wordpress\/wp-json\/wp\/v2\/comments?post=753"}],"version-history":[{"count":1,"href":"https:\/\/junjan.org\/wordpress\/wp-json\/wp\/v2\/posts\/753\/revisions"}],"predecessor-version":[{"id":1316,"href":"https:\/\/junjan.org\/wordpress\/wp-json\/wp\/v2\/posts\/753\/revisions\/1316"}],"wp:attachment":[{"href":"https:\/\/junjan.org\/wordpress\/wp-json\/wp\/v2\/media?parent=753"}],"wp:term":[{"taxonomy":"category","embeddable":true,"href":"https:\/\/junjan.org\/wordpress\/wp-json\/wp\/v2\/categories?post=753"},{"taxonomy":"post_tag","embeddable":true,"href":"https:\/\/junjan.org\/wordpress\/wp-json\/wp\/v2\/tags?post=753"}],"curies":[{"name":"wp","href":"https:\/\/api.w.org\/{rel}","templated":true}]}}