{"id":759,"date":"2006-03-22T14:00:06","date_gmt":"2006-03-22T13:00:06","guid":{"rendered":"http:\/\/junjan.org\/wordpress\/?p=759"},"modified":"2011-05-24T23:07:32","modified_gmt":"2011-05-24T21:07:32","slug":"tregua","status":"publish","type":"post","link":"https:\/\/junjan.org\/wordpress\/2006\/03\/tregua\/","title":{"rendered":"Tregua"},"content":{"rendered":"<p>\u00abETA anuncia un alto el fuego permanente\u00bb:http:\/\/www.eitb.com\/online_berezi\/default.asp?tipo_retra=ESPECIAL-INFORMATIVO<\/p>\n<blockquote><p>MENSAJE DE EUSKADI TA ASKATASUNA AL PUEBLO VASCO<br \/>\nEuskadi Ta Askatasuna ha decidido declarar un alto el fuego permanente a partir del 24 de marzo de 2006.<br \/>\nEl objetivo de esta decisi\u00f3n es impulsar un proceso democr\u00e1tico en Euskal Herria para construir un nuevo marco en el que sean reconocidos los derechos que como Pueblo nos corresponden y asegurando de cara al futuro la posibilidad de desarrollo de todas las opciones pol\u00edticas.<br \/>\nAl final de ese proceso los ciudadanos vascos deben tener la palabra y la decisi\u00f3n sobre su futuro.<br \/>\nLos Estados espa\u00f1ol y franc\u00e9s deben reconocer los resultados de dicho proceso democr\u00e1tico, sin ning\u00fan tipo de limitaciones. La decisi\u00f3n que los ciudadanos vascos adoptemos sobre nuestro futuro deber\u00e1 ser respetada.<br \/>\nHacemos un llamamiento a todos los agentes para que act\u00faen con responsabilidad y sean consecuentes ante el paso dado por ETA.<br \/>\nETA hace un llamamiento a las autoridades de Espa\u00f1a y Francia para que respondan de manera positiva a esta nueva situaci\u00f3n, dejando a un lado la represi\u00f3n.<br \/>\nFinalmente, hacemos un llamamiento a los ciudadanos y ciudadanas vascas para que se impliquen en este proceso y luchen por los derechos que como Pueblo nos corresponden.<br \/>\nETA muestra su deseo y voluntad de que el proceso abierto llegue hasta el final, y as\u00ed conseguir una verdadera situaci\u00f3n democr\u00e1tica para Euskal Herria, superando el conflicto de largos a\u00f1os y construyendo una paz basada en la justicia.<br \/>\nNos reafirmamos en el compromiso de seguir dando pasos en el futuro acordes a esa voluntad.<br \/>\n<strong>La superaci\u00f3n del conflicto, aqu\u00ed y ahora, es posible. Ese es el deseo y la voluntad de ETA.<\/strong><br \/>\nEuskal Herrian, 2006ko martxoan<br \/>\nEuskadi Ta Askatasuna<\/p><\/blockquote>\n<p><strong><br \/>\nDeclaraciones interesantes:<br \/>\n<\/strong><br \/>\n\u00ac \u00abGerry Adams\u00bb:http:\/\/breakingnews.iol.ie\/news\/story.asp?j=176851588&#038;p=y7685zz94<\/p>\n<blockquote><p>\n\u00abIt is incumbent on all sides to the conflict to grasp this opportunity, and to do everything in their power to make political progress a reality.\u00bb\n<\/p><\/blockquote>\n<p>\u00ac \u00abMar\u00eda San Gil\u00bb:mms:\/\/a412.v78076.c7807.e.vm.akamaistream.net\/7\/412\/7807\/44213f53\/prisaffs.download.akamai.com\/7807\/cadenaser\/2006\/03\/20060322csrcsr_14_Aes_SAU.asf (audio)<\/p>\n<blockquote><p>\n\u00abETA algo iba a tener que decir, porque Zapatero necesita tambi\u00e9n que ETA le de un argumento para poder seguir defendiendo lo que est\u00e1 defendiendo. Y ETA necesita que Zapatero siga en La Moncloa,  pero claro hasta ahora lo \u00fanico que hab\u00edamos recibido por parte de ETA en sus comunicados eran humillaciones, una tras otra, despu\u00e9s de la enorme cantidad de cesiones que ha hecho el estado de derecho y el se\u00f1or Zapatero a ETA-Batasuna.\u00bb\n<\/p><\/blockquote>\n<p>\u00ac Lo que dice el \u00ab[\u00abNew York Times\u00bb:http:\/\/www.nytimes.com\/2006\/03\/22\/international\/europe\/22cnd-eta.html]\u00bb, o sea, m\u00e1s o menos lo que recibe media humanidad&#8230;<\/p>\n<blockquote><p>\n\u00ab<strong>After 40 Years, Separatists in Spain Declare Cease-Fire.<\/strong><br \/>\nThe militant Basque separatist group ETA, which has killed more than 800 people and terrorized Spain for nearly 40 years, announced a permanent ceasefire today, saying that it would turn its attention to achieving independence for the Basque region through politics. A permanent ceasefire, which the group said would take effect on March 24, has been the paramount objective of successive Spanish governments since the establishment of democracy here in 1977. Politicians and victims groups said it was important to treat the announcement with caution, saying that ETA had a history of deceit and unfulfilled promises.\u00bb\n<\/p><\/blockquote>\n<p>\u00ac Al azar en la [\u00abblogosfera liberal\u00bb:http:\/\/batiburrillo.redliberal.com\/007181.html]&#8230;<\/p>\n<blockquote><p>\n\u00abUna vez aprobado el Estatuto de Catalu\u00f1a en la Comisi\u00f3n constitucional del Parlamento espa\u00f1ol, con bastantes posibilidades de no sufrir cambios significativos cuando pase al Senado, lo primero que hace la ETA es declarar una tregua porque adem\u00e1s ha le\u00eddo en El Pa\u00eds que \u00e9se es el modelo para las Vascongadas. \u00bfLes bastar\u00e1? Quiz\u00e1 s\u00ed, para empezar. Como a los nacionalistas catalanes.<br \/>\nLa ETA, en su comunicado, expresa su deseo de que el proceso abierto llegue hasta el final, luego es evidente que aqu\u00ed se ha negociado y que el gobierno socialista ha faltado a la verdad cada una de las veces que ha negado tal circunstancia. Lo cual no es de extra\u00f1ar, porque nos encontramos ante el gobierno m\u00e1s indigno que haya conocido Espa\u00f1a.\u00bb\n<\/p><\/blockquote>\n<p>\u00ac Al azar en la [\u00abblogosfera progresista\u00bb:http:\/\/laerazp.blogspot.com\/2006\/03\/zp-consigue-el-fin-de-la-violencia.html]&#8230;<\/p>\n<blockquote><p>\n\u00abA pesar de los intentos del Partido Popular por paralizar este proceso de paz, ZP ha conseguido, despu\u00e9s de d\u00e9cadas de violencia y sufrimiento, que la organizaci\u00f3n terrorista ETA deje de matar, tal como ha anunciado la misma banda hoy en un comunicado.<br \/>\nTenemos que tener claro que si el Gobierno hubiera actuado como ped\u00eda el Partido Popular NUNCA se hubiera conseguido el fin de los tiros en la nuca o los coches bomba, y eso es algo que sus electores y las v\u00edctimas del terrorismo deber\u00edan de analizar antes de defender a una organizaci\u00f3n que prefiere que ETA no dejes las armas para que ZP no se atribuya algo tan impresionante como es el fin de los atentados.\u00bb\n<\/p><\/blockquote>\n","protected":false},"excerpt":{"rendered":"<p>\u00abETA anuncia un alto el fuego permanente\u00bb:http:\/\/www.eitb.com\/online_berezi\/default.asp?tipo_retra=ESPECIAL-INFORMATIVO MENSAJE DE EUSKADI TA ASKATASUNA AL PUEBLO VASCO Euskadi Ta Askatasuna ha decidido declarar un alto el fuego permanente a partir del 24 de marzo de 2006. El objetivo de esta decisi\u00f3n es impulsar un proceso democr\u00e1tico en Euskal Herria para construir un nuevo marco en el que&hellip;&nbsp;<a href=\"https:\/\/junjan.org\/wordpress\/2006\/03\/tregua\/\" rel=\"bookmark\">Leer m\u00e1s &raquo;<span class=\"screen-reader-text\">Tregua<\/span><\/a><\/p>\n","protected":false},"author":1,"featured_media":0,"comment_status":"open","ping_status":"open","sticky":false,"template":"","format":"standard","meta":{"neve_meta_sidebar":"","neve_meta_container":"","neve_meta_enable_content_width":"","neve_meta_content_width":0,"neve_meta_title_alignment":"","neve_meta_author_avatar":"","neve_post_elements_order":"","neve_meta_disable_header":"","neve_meta_disable_footer":"","neve_meta_disable_title":"","footnotes":""},"categories":[81],"tags":[509,636],"class_list":["post-759","post","type-post","status-publish","format-standard","hentry","category-revista-de-prensa","tag-eta","tag-tregua"],"_links":{"self":[{"href":"https:\/\/junjan.org\/wordpress\/wp-json\/wp\/v2\/posts\/759","targetHints":{"allow":["GET"]}}],"collection":[{"href":"https:\/\/junjan.org\/wordpress\/wp-json\/wp\/v2\/posts"}],"about":[{"href":"https:\/\/junjan.org\/wordpress\/wp-json\/wp\/v2\/types\/post"}],"author":[{"embeddable":true,"href":"https:\/\/junjan.org\/wordpress\/wp-json\/wp\/v2\/users\/1"}],"replies":[{"embeddable":true,"href":"https:\/\/junjan.org\/wordpress\/wp-json\/wp\/v2\/comments?post=759"}],"version-history":[{"count":1,"href":"https:\/\/junjan.org\/wordpress\/wp-json\/wp\/v2\/posts\/759\/revisions"}],"predecessor-version":[{"id":1300,"href":"https:\/\/junjan.org\/wordpress\/wp-json\/wp\/v2\/posts\/759\/revisions\/1300"}],"wp:attachment":[{"href":"https:\/\/junjan.org\/wordpress\/wp-json\/wp\/v2\/media?parent=759"}],"wp:term":[{"taxonomy":"category","embeddable":true,"href":"https:\/\/junjan.org\/wordpress\/wp-json\/wp\/v2\/categories?post=759"},{"taxonomy":"post_tag","embeddable":true,"href":"https:\/\/junjan.org\/wordpress\/wp-json\/wp\/v2\/tags?post=759"}],"curies":[{"name":"wp","href":"https:\/\/api.w.org\/{rel}","templated":true}]}}