{"id":76,"date":"2004-04-21T10:00:36","date_gmt":"2004-04-21T10:00:36","guid":{"rendered":"http:\/\/junjan.org\/wordpress\/?p=76"},"modified":"2011-06-24T10:53:15","modified_gmt":"2011-06-24T08:53:15","slug":"estado_laico","status":"publish","type":"post","link":"https:\/\/junjan.org\/wordpress\/2004\/04\/estado_laico\/","title":{"rendered":"Estado laico"},"content":{"rendered":"<p>Acabo de leer un magn\u00edfico art\u00edculo de Marcos Taracido en<a href=\"http:\/\/www.librodenotas.com\/mt\/archives\/005926.php\"> Libro de Notas<\/a>, analizando la toma de posesi\u00f3n de los ministros del nuevo gobierno dice:<\/p>\n<blockquote>\n<div class=\"citation\">Qu\u00e9 hace una biblia y un crucifijo en esta ceremonia no tiene respuesta razonable m\u00e1s all\u00e1 de la confirmaci\u00f3n de que, al menos por ahora, no vivimos en un Estado laico y aconfesional tal y como afirma la Carta Magna.<\/div>\n<\/blockquote>\n<p>Opino lo mismo.<br \/>\nHay otro hecho de la actualidad reciente que mostr\u00f3 claramente la mentira y la precariedad de la aconfesionalidad de nuestro estado.<br \/>\nMe refiero al \u201cfuneral de estado\u201d por los atentados del 11M. No me dej\u00f3 de sorprender que en un supuesto \u201cestado laico\u201d se realizara un funeral de estado exclusivamente cat\u00f3lico. En mi opini\u00f3n, el hecho estuvo mal en cualquier caso, pero mucho m\u00e1s teniendo en cuenta que parte de las v\u00edctimas no eran cat\u00f3licas.<br \/>\nPara m\u00e1s falta de tacto, el cardenal Rouco se dedic\u00f3 a hacer posicionamientos religiosos en <a href=\"http:\/\/servicios.lasprovincias.es\/valencia\/pg040324\/actualidad\/politica\/200403\/24\/RC_roucohomilia.html\">su serm\u00f3n<\/a>:<\/p>\n<blockquote>\n<div class=\"citation\">Y, a la vez, avanzar en la consecuci\u00f3n de uno de sus m\u00e1s importantes objetivos: el de minar progresiva y aceleradamente las bases morales y espirituales sobre las que descansan nuestras sociedades y naciones de ra\u00edces cristianas; a saber: la afirmaci\u00f3n de la dignidad inviolable de todo ser humano desde su concepci\u00f3n hasta su muerte natural, la integridad de los derechos fundamentales que le son inherentes y la comprensi\u00f3n solidaria del bien com\u00fan\u201d<\/div>\n<div class=\"citation\">Pero, frente a la estrategia del odio se\u00f1al\u00f3 s\u00f3lo cabe al final una sola respuesta eficaz: la del amor, que implica y exige para su puesta en pr\u00e1ctica una estrategia divina: la de la Ciudad de Dios, opuesta a la de la Ciudad Terrena, que dir\u00eda San Agust\u00edn, cuando de ella se apodera el puro y duro ego\u00edsmo\u201d. \u201d\u00a1Amar a los hermanos! \u00a1Abandonar \u2018el amor de s\u00ed mismo\u2019 como el absoluto de la conciencia personal y colectiva! He ah\u00ed la tarea ante la que nos coloca el amor del Se\u00f1or compasivo y misericordioso, lento a la ira y rico en piedad y clemencia, que invoc\u00e1bamos y cant\u00e1bamos con el salmista.<\/div>\n<\/blockquote>\n<p><strong>\u00bfPara cu\u00e1ndo un estado laico de verdad?<\/strong><\/p>\n","protected":false},"excerpt":{"rendered":"<p>Acabo de leer un magn\u00edfico art\u00edculo de Marcos Taracido en Libro de Notas, analizando la toma de posesi\u00f3n de los ministros del nuevo gobierno dice: Qu\u00e9 hace una biblia y un crucifijo en esta ceremonia no tiene respuesta razonable m\u00e1s all\u00e1 de la confirmaci\u00f3n de que, al menos por ahora, no vivimos en un Estado&hellip;&nbsp;<a href=\"https:\/\/junjan.org\/wordpress\/2004\/04\/estado_laico\/\" rel=\"bookmark\">Leer m\u00e1s &raquo;<span class=\"screen-reader-text\">Estado laico<\/span><\/a><\/p>\n","protected":false},"author":1,"featured_media":0,"comment_status":"open","ping_status":"open","sticky":false,"template":"","format":"standard","meta":{"neve_meta_sidebar":"","neve_meta_container":"","neve_meta_enable_content_width":"","neve_meta_content_width":0,"neve_meta_title_alignment":"","neve_meta_author_avatar":"","neve_post_elements_order":"","neve_meta_disable_header":"","neve_meta_disable_footer":"","neve_meta_disable_title":"","footnotes":""},"categories":[9],"tags":[490,791,517,704],"class_list":["post-76","post","type-post","status-publish","format-standard","hentry","category-opinion","tag-iglesia","tag-integrismo","tag-laicismo","tag-rouco"],"_links":{"self":[{"href":"https:\/\/junjan.org\/wordpress\/wp-json\/wp\/v2\/posts\/76","targetHints":{"allow":["GET"]}}],"collection":[{"href":"https:\/\/junjan.org\/wordpress\/wp-json\/wp\/v2\/posts"}],"about":[{"href":"https:\/\/junjan.org\/wordpress\/wp-json\/wp\/v2\/types\/post"}],"author":[{"embeddable":true,"href":"https:\/\/junjan.org\/wordpress\/wp-json\/wp\/v2\/users\/1"}],"replies":[{"embeddable":true,"href":"https:\/\/junjan.org\/wordpress\/wp-json\/wp\/v2\/comments?post=76"}],"version-history":[{"count":2,"href":"https:\/\/junjan.org\/wordpress\/wp-json\/wp\/v2\/posts\/76\/revisions"}],"predecessor-version":[{"id":1703,"href":"https:\/\/junjan.org\/wordpress\/wp-json\/wp\/v2\/posts\/76\/revisions\/1703"}],"wp:attachment":[{"href":"https:\/\/junjan.org\/wordpress\/wp-json\/wp\/v2\/media?parent=76"}],"wp:term":[{"taxonomy":"category","embeddable":true,"href":"https:\/\/junjan.org\/wordpress\/wp-json\/wp\/v2\/categories?post=76"},{"taxonomy":"post_tag","embeddable":true,"href":"https:\/\/junjan.org\/wordpress\/wp-json\/wp\/v2\/tags?post=76"}],"curies":[{"name":"wp","href":"https:\/\/api.w.org\/{rel}","templated":true}]}}