{"id":761,"date":"2006-03-23T11:09:54","date_gmt":"2006-03-23T10:09:54","guid":{"rendered":"http:\/\/junjan.org\/wordpress\/?p=761"},"modified":"2011-05-24T23:07:37","modified_gmt":"2011-05-24T21:07:37","slug":"tregua_iii","status":"publish","type":"post","link":"https:\/\/junjan.org\/wordpress\/2006\/03\/tregua_iii\/","title":{"rendered":"Tregua (III)"},"content":{"rendered":"<p>Segundo comunicado de ETA:<\/p>\n<blockquote><p>\n\u00ab<em>Declaraci\u00f3n de Euskadi Ta Askatasuna a Euskal Herria<\/em><br \/>\nETA, organizaci\u00f3n socialista revolucionaria vasca de liberaci\u00f3n nacional, desea mediante esta Declaraci\u00f3n dar a conocer la siguiente decisi\u00f3n:<br \/>\nEuskadi Ta Askatasuna ha decidido declarar un alto el fuego permanente a partir de las 00:00 horas del 24 de marzo de 2006.<br \/>\n<em>Reflexi\u00f3n de ETA<\/em><br \/>\nEl objetivo de esta decisi\u00f3n es impulsar un proceso democr\u00e1tico en Euskal Herria para que mediante el di\u00e1logo, la negociaci\u00f3n y el acuerdo, el Pueblo Vasco pueda realizar el cambio pol\u00edtico que necesita.<br \/>\nSuperando el actual marco de negaci\u00f3n, partici\u00f3n e imposici\u00f3n hay que construir un marco democr\u00e1tico para Euskal Herria, reconociendo los derechos que como pueblo le corresponden y asegurando de cara al futuro la posibilidad de desarrollo de todas las opciones pol\u00edticas.<br \/>\nAl final de ese proceso los ciudadanos y ciudadanas vascas deben tener la palabra y la decisi\u00f3n sobre su futuro, dando as\u00ed una soluci\u00f3n democr\u00e1tica al conflicto.<br \/>\nETA considera que corresponde a todos los agentes vascos desarrollar ese proceso y adoptar los acuerdos correspondientes al futuro de Euskal Herria, teniendo en cuenta su pluralidad y totalidad.<br \/>\nLos Estados espa\u00f1ol y franc\u00e9s deben reconocer los resultados de dicho proceso democr\u00e1tico, sin ning\u00fan tipo de injerencias ni limitaciones. La decisi\u00f3n que los ciudadanos y ciudadanas vascas adoptemos sobre nuestro futuro deber\u00e1 ser respetada.<br \/>\n<em>Llamamiento de ETA<\/em><br \/>\nHacemos un llamamiento a todos los agentes para que act\u00faen con responsabilidad y sean consecuentes ante el paso dado por ETA.<br \/>\nEs tiempo de compromisos. Todos debemos asumir responsabilidades, para construir entre todos la soluci\u00f3n democr\u00e1tica que el Pueblo vasco necesita. Es el momento de tomar decisiones de calado, pasando de las palabras a los hechos.<br \/>\nETA hace un llamamiento a las autoridades de Espa\u00f1a y Francia para que respondan de manera positiva a esta nueva situaci\u00f3n y para que no pongan obst\u00e1culos al proceso democr\u00e1tico, dejando de lado la represi\u00f3n y mostrando la voluntad de dar una salida negociada al conflicto.<br \/>\nFinalmente, hacemos un llamamiento a los ciudadanos y ciudadanas vascas en general y a los militantes de la Izquierda Abertzale en particular, para que se impliquen en este proceso y luchen por los derechos que como Pueblo nos corresponden.<br \/>\n<em>Compromiso de ETA<\/em><br \/>\nETA muestra su deseo y voluntad de que el proceso abierto llegue hasta el final, y as\u00ed conseguir una verdadera situaci\u00f3n democr\u00e1tica para Euskal Herria, superando el conflicto de largos a\u00f1os y construyendo una paz basada en la justicia. Nos reafirmamos en el compromiso de seguir dando pasos en el futuro acordes a esa voluntad y de seguir luchando hasta lograr los derechos de Euskal Herria.<br \/>\nLa superaci\u00f3n del conflicto, aqu\u00ed y ahora, es posible. Ese es el deseo y la voluntad de ETA. &#8211;<br \/>\nEn Euskal Herria, marzo de 2006<br \/>\nEuskadi Ta Askatasuna \u00bb\n<\/p><\/blockquote>\n","protected":false},"excerpt":{"rendered":"<p>Segundo comunicado de ETA: \u00abDeclaraci\u00f3n de Euskadi Ta Askatasuna a Euskal Herria ETA, organizaci\u00f3n socialista revolucionaria vasca de liberaci\u00f3n nacional, desea mediante esta Declaraci\u00f3n dar a conocer la siguiente decisi\u00f3n: Euskadi Ta Askatasuna ha decidido declarar un alto el fuego permanente a partir de las 00:00 horas del 24 de marzo de 2006. Reflexi\u00f3n de&hellip;&nbsp;<a href=\"https:\/\/junjan.org\/wordpress\/2006\/03\/tregua_iii\/\" rel=\"bookmark\">Leer m\u00e1s &raquo;<span class=\"screen-reader-text\">Tregua (III)<\/span><\/a><\/p>\n","protected":false},"author":1,"featured_media":0,"comment_status":"open","ping_status":"open","sticky":false,"template":"","format":"standard","meta":{"neve_meta_sidebar":"","neve_meta_container":"","neve_meta_enable_content_width":"","neve_meta_content_width":0,"neve_meta_title_alignment":"","neve_meta_author_avatar":"","neve_post_elements_order":"","neve_meta_disable_header":"","neve_meta_disable_footer":"","neve_meta_disable_title":"","footnotes":""},"categories":[5],"tags":[509,636],"class_list":["post-761","post","type-post","status-publish","format-standard","hentry","category-actualidad","tag-eta","tag-tregua"],"_links":{"self":[{"href":"https:\/\/junjan.org\/wordpress\/wp-json\/wp\/v2\/posts\/761","targetHints":{"allow":["GET"]}}],"collection":[{"href":"https:\/\/junjan.org\/wordpress\/wp-json\/wp\/v2\/posts"}],"about":[{"href":"https:\/\/junjan.org\/wordpress\/wp-json\/wp\/v2\/types\/post"}],"author":[{"embeddable":true,"href":"https:\/\/junjan.org\/wordpress\/wp-json\/wp\/v2\/users\/1"}],"replies":[{"embeddable":true,"href":"https:\/\/junjan.org\/wordpress\/wp-json\/wp\/v2\/comments?post=761"}],"version-history":[{"count":1,"href":"https:\/\/junjan.org\/wordpress\/wp-json\/wp\/v2\/posts\/761\/revisions"}],"predecessor-version":[{"id":1301,"href":"https:\/\/junjan.org\/wordpress\/wp-json\/wp\/v2\/posts\/761\/revisions\/1301"}],"wp:attachment":[{"href":"https:\/\/junjan.org\/wordpress\/wp-json\/wp\/v2\/media?parent=761"}],"wp:term":[{"taxonomy":"category","embeddable":true,"href":"https:\/\/junjan.org\/wordpress\/wp-json\/wp\/v2\/categories?post=761"},{"taxonomy":"post_tag","embeddable":true,"href":"https:\/\/junjan.org\/wordpress\/wp-json\/wp\/v2\/tags?post=761"}],"curies":[{"name":"wp","href":"https:\/\/api.w.org\/{rel}","templated":true}]}}