{"id":764,"date":"2006-03-25T16:12:18","date_gmt":"2006-03-25T16:12:18","guid":{"rendered":"http:\/\/junjan.org\/wordpress\/?p=764"},"modified":"2006-03-25T16:12:18","modified_gmt":"2006-03-25T16:12:18","slug":"pesadillas_de_un_futuro_noliberal","status":"publish","type":"post","link":"https:\/\/junjan.org\/wordpress\/2006\/03\/pesadillas_de_un_futuro_noliberal\/","title":{"rendered":"Pesadillas de un futuro no-liberal"},"content":{"rendered":"<p>La reserva espiritual de la blogosfera liberal anda revuelta. La tregua de ETA, el estatuto de Catalu\u00f1a, demasiadas emociones&#8230; el sue\u00f1o de la \u00bfraz\u00f3n? produce monstruos&#8230;<br \/>\n\u00abEl terrorismo de la pr\u00f3xima d\u00e9cada\u00bb:http:\/\/batiburrillo.redliberal.com\/007211.html en Batiburrillo.<\/p>\n<blockquote><p>\n\u00abNo es demasiado dif\u00edcil imaginar el siguiente escenario en la pr\u00f3xima d\u00e9cada: Catalu\u00f1a y el Pa\u00eds Vasco, pr\u00e1cticamente independientes, ser\u00e1n naciones que permanecer\u00e1n sometidas a sendas dictaduras nacionalistas, las cuales acabar\u00e1n por expulsar a una parte significativa de su poblaci\u00f3n, como ya viene sucediendo ahora. A su vez, el gobierno socialista, que para entonces poseer\u00e1 otros importantes conflictos territoriales, transigir\u00e1 ante las nuevas reivindicaciones de ETA (en el gobierno vasco) y de ERC (asimismo decisiva en el gobierno catal\u00e1n) y aceptar\u00e1 la formaci\u00f3n de Euskal Herria y los Pa\u00efsos Catalans mediante la creaci\u00f3n de una nueva ley enga\u00f1osa que permita federarse a las comunidades, lo cual determinar\u00e1 la ampliaci\u00f3n de las dictaduras nacionalistas en territorios como Navarra, parte de La Rioja, la Comunidad Valenciana o Baleares, sin mencionar el alarmante foco de inestabilidad en Galicia.<br \/>\nSi se diesen tales condiciones de opresi\u00f3n nacionalista y de desidia cobarde del gobierno de ZP \u2014nada hace pensar que quien ha cedido en lo principal no siga cediendo hasta el infinito\u2014, lo m\u00e1s probable es que otros cuantos miles de personas volviesen a abandonar los nuevos territorios ca\u00eddos en manos del nacionalismo y ello comportase la miseria para muchos de esos expatriado de su patria chica, de nacimiento o adopci\u00f3n. Y ante situaciones de miseria, con todo perdido, el ser humado ya no es capaz de controlarse a s\u00ed mismo. Surgir\u00eda el terrorismo, si bien de distinto signo al de ahora. Las v\u00edctimas de la siguiente d\u00e9cada no ser\u00edan guardias civiles, polic\u00edas nacionales o pol\u00edticos del PP-PSOE, m\u00e1s bien lo ser\u00edan polic\u00edas auton\u00f3micos catalanes o vascos (convertidos ya en ej\u00e9rcitos nacionalistas), pol\u00edticos de Batasna-ETA, el PNV-EA o de ERC y CiU, adem\u00e1s de un PSC a\u00fan m\u00e1s radicalizado.<br \/>\nSi se diese el caso de un terrorismo reivindicativo en la siguiente d\u00e9cada, y todo apunta a ello, personajes como Otegi, Carod-Rovira, Maragall, Ibarretxe, Mas, Rubalcaba, Pujol (si a\u00fan vive) o el propio ZP har\u00edan bien en ir seleccionando a no tardar el personal necesario para su escolta. Y ello con independencia de los cargos pol\u00edticos que entonces ocupasen, puesto que en ning\u00fan caso habr\u00edan perdido su condici\u00f3n de principales traidores a la patria espa\u00f1ola. Ya no hablemos de Ternera (quiz\u00e1 leendakari) o de Puigcerc\u00f3s (acaso presidente de la Generalidad catalana), que para entonces experimentar\u00edan en sus propias carnes lo que es vivir sometidos a la posibilidad de un francotirador oculto.<br \/>\nGrandes empresas catalanas o vascas, asimismo, deber\u00edan considerar de qu\u00e9 modo destinar\u00e1n una parte importante de sus beneficios al pago del impuesto revolucionario, solo que esta vez deber\u00eda serle abonado al REDA (Resistencia Espa\u00f1ola Democr\u00e1tica Antinacionalista), organizaci\u00f3n combatiente (si el t\u00e9rmino vale para la ETA, vale para cualquiera) extendida por toda Espa\u00f1a cuyas reivindicaciones ser\u00edan: 1. Estado unitario espa\u00f1ol. 2. Elecciones generales libres y constituyentes, con blindaje de la separaci\u00f3n de poderes. 3. Ilegalizaci\u00f3n del nacionalismo segregacionista. Y un largo etc\u00e9tera. \u00bb\n<\/p><\/blockquote>\n<p>\u00a1Sapristi!<br \/>\nSe olvida en tan excelente an\u00e1lisis prospectivo de algunos peque\u00f1os, casi nimios, detalles. Que ETA surgi\u00f3 como respuesta a una dictadura y treinta a\u00f1os de intensa represi\u00f3n que hoy no existen, que las libertades individuales y la libertad pol\u00edtica estan plenamente garantizadas, que hay libertad de opini\u00f3n, libertad de expresi\u00f3n, libertad de asociaci\u00f3n, etc, etc. Que en definitiva, a pesar de los pesares de muchos, vivimos en una democracia.<\/p>\n","protected":false},"excerpt":{"rendered":"<p>La reserva espiritual de la blogosfera liberal anda revuelta. La tregua de ETA, el estatuto de Catalu\u00f1a, demasiadas emociones&#8230; el sue\u00f1o de la \u00bfraz\u00f3n? produce monstruos&#8230; \u00abEl terrorismo de la pr\u00f3xima d\u00e9cada\u00bb:http:\/\/batiburrillo.redliberal.com\/007211.html en Batiburrillo. \u00abNo es demasiado dif\u00edcil imaginar el siguiente escenario en la pr\u00f3xima d\u00e9cada: Catalu\u00f1a y el Pa\u00eds Vasco, pr\u00e1cticamente independientes, ser\u00e1n naciones&hellip;&nbsp;<a href=\"https:\/\/junjan.org\/wordpress\/2006\/03\/pesadillas_de_un_futuro_noliberal\/\" rel=\"bookmark\">Leer m\u00e1s &raquo;<span class=\"screen-reader-text\">Pesadillas de un futuro no-liberal<\/span><\/a><\/p>\n","protected":false},"author":1,"featured_media":0,"comment_status":"open","ping_status":"open","sticky":false,"template":"","format":"standard","meta":{"neve_meta_sidebar":"","neve_meta_container":"","neve_meta_enable_content_width":"","neve_meta_content_width":0,"neve_meta_title_alignment":"","neve_meta_author_avatar":"","neve_post_elements_order":"","neve_meta_disable_header":"","neve_meta_disable_footer":"","neve_meta_disable_title":"","footnotes":""},"categories":[81],"tags":[196],"class_list":["post-764","post","type-post","status-publish","format-standard","hentry","category-revista-de-prensa","tag-eta-tregua-estatuto-redliberal-batiburrillo"],"_links":{"self":[{"href":"https:\/\/junjan.org\/wordpress\/wp-json\/wp\/v2\/posts\/764","targetHints":{"allow":["GET"]}}],"collection":[{"href":"https:\/\/junjan.org\/wordpress\/wp-json\/wp\/v2\/posts"}],"about":[{"href":"https:\/\/junjan.org\/wordpress\/wp-json\/wp\/v2\/types\/post"}],"author":[{"embeddable":true,"href":"https:\/\/junjan.org\/wordpress\/wp-json\/wp\/v2\/users\/1"}],"replies":[{"embeddable":true,"href":"https:\/\/junjan.org\/wordpress\/wp-json\/wp\/v2\/comments?post=764"}],"version-history":[{"count":0,"href":"https:\/\/junjan.org\/wordpress\/wp-json\/wp\/v2\/posts\/764\/revisions"}],"wp:attachment":[{"href":"https:\/\/junjan.org\/wordpress\/wp-json\/wp\/v2\/media?parent=764"}],"wp:term":[{"taxonomy":"category","embeddable":true,"href":"https:\/\/junjan.org\/wordpress\/wp-json\/wp\/v2\/categories?post=764"},{"taxonomy":"post_tag","embeddable":true,"href":"https:\/\/junjan.org\/wordpress\/wp-json\/wp\/v2\/tags?post=764"}],"curies":[{"name":"wp","href":"https:\/\/api.w.org\/{rel}","templated":true}]}}