{"id":765,"date":"2006-03-25T16:38:56","date_gmt":"2006-03-25T16:38:56","guid":{"rendered":"http:\/\/junjan.org\/wordpress\/?p=765"},"modified":"2012-03-11T17:35:54","modified_gmt":"2012-03-11T16:35:54","slug":"patriotismo_a_gogo","status":"publish","type":"post","link":"https:\/\/junjan.org\/wordpress\/2006\/03\/patriotismo_a_gogo\/","title":{"rendered":"Patriotismo a go-go"},"content":{"rendered":"<p>Navegando de enlace en enlace me encuentro con la <a href=\"http:\/\/www.nacionespanola.org\/\" target=\"_blank\">Fundaci\u00f3n para la Defensa de la Naci\u00f3n Espa\u00f1ola<\/a>. Fundaci\u00f3n patr\u00f3tica que expone unos interesant\u00edsimos y harto novedosos objetivos.<\/p>\n<blockquote><p>\u00abLa Fundaci\u00f3n para la Defensa de la Naci\u00f3n Espa\u00f1ola surge con el \u00e1nimo de aunar voluntades, liderar la sociedad civil en defensa de la Naci\u00f3n Espa\u00f1ola y con el prop\u00f3sito de fortalecer nuestras instituciones pol\u00edticas y jur\u00eddicas comunes, as\u00ed como de reivindicar nuestros s\u00edmbolos y lazos de uni\u00f3n.<br \/>\nHoy, en Espa\u00f1a, el patriotismo est\u00e1 siendo sistem\u00e1ticamente desacreditado por determinadas ideolog\u00edas y grupos de inter\u00e9s. Constituye un hecho ins\u00f3lito en el concierto de las naciones civilizadas, casi una anormalidad pol\u00edtica y social, el abandono y la pr\u00e1ctica desaparici\u00f3n del patriotismo en Espa\u00f1a. Todo ello a pesar de que se trata no s\u00f3lo de un sentimiento natural y sano, \u2014s\u00f3lo equiparable a un sentir tan noble como el del amor a la propia familia\u2014, sino de una pr\u00e1ctica pol\u00edtica absolutamente esencial para la pervivencia de cualquier sistema democr\u00e1tico basado en la soberan\u00eda nacional. Uno de los valores esenciales de las grandes naciones civilizadas es el patriotismo de sus ciudadanos, que se unen entorno a su profunda conciencia de pertenencia a un proyecto pol\u00edtico e hist\u00f3rico com\u00fan.<br \/>\nObjetivos:<br \/>\n* El cultivo del patriotismo, y la afirmaci\u00f3n de Espa\u00f1a como Naci\u00f3n.<br \/>\no El patriotismo es un sentimiento sano y natural, normalizado en cualquier pa\u00eds de nuestro entorno, que no denota ideolog\u00edas ni posicionamientos partidarios. El patriotismo es necesario para la cohesi\u00f3n de cualquier sociedad.<br \/>\n* El fomento de la cohesi\u00f3n de la sociedad espa\u00f1ola, y de un gran acuerdo de los grandes partidos espa\u00f1oles en torno a la unidad de Espa\u00f1a y a la fortaleza del Estado espa\u00f1ol.<br \/>\no Los grandes partidos con presencia en todo el territorio nacional, los \u00fanicos con capacidad para alcanzar el Gobierno de la Naci\u00f3n, han de suscribir un acuerdo estructural \u2014 no perecedero\u2014 en torno a cuestiones tales como la integridad territorial de Espa\u00f1a y a la fortaleza pol\u00edtica del Estado espa\u00f1ol.<br \/>\n* La movilizaci\u00f3n social de los espa\u00f1oles en defensa de la dignidad de la Naci\u00f3n espa\u00f1ola y de su inquebrantable unidad territorial y social.<br \/>\no La dignidad de la Naci\u00f3n Espa\u00f1ola y su indisoluble unidad merecen ser defendidas por el conjunto de la sociedad espa\u00f1ola mediante todos los m\u00e9todos leg\u00edtimos entre los que l\u00f3gicamente se encuentran las movilizaciones sociales y manifestaciones populares<br \/>\n* La vigilancia del cumplimiento de la legalidad en lo relativo a los s\u00edmbolos nacionales, y al derecho de todos los ciudadanos espa\u00f1oles a no ser discriminados por raz\u00f3n de su lengua en todo el territorio nacional. As\u00ed como la defensa del derecho de los espa\u00f1oles a que se respeten escrupulosamente los principios constitucionales sin que los residentes de ninguna comunidad aut\u00f3noma puedan suplantar la soberan\u00eda nacional usurpando decisiones que s\u00f3lo competen al conjunto de los espa\u00f1oles.<br \/>\no El respeto a los s\u00edmbolos de una naci\u00f3n da la medida de sus fortaleza. Los s\u00edmbolos; escudos, banderas, himnos, no son un mero elemento folcl\u00f3rico. Simbolizan a la naci\u00f3n y cuando son atacados se pretende la humillaci\u00f3n o la vejaci\u00f3n de \u00e9sta. Por ello merecen ser defendidos con convicci\u00f3n y vehemencia. Porque una naci\u00f3n sin s\u00edmbolos, o que no defiende sus s\u00edmbolos, deja de ser una naci\u00f3n.<br \/>\no La lengua com\u00fan de toda la naci\u00f3n, el espa\u00f1ol, ha de ser defendida y promovida como elemento de comunicaci\u00f3n entre individuos, como elemento de cohesi\u00f3n social y como elemento que garantice la igualdad de todos los espa\u00f1oles en sus trato con la administraci\u00f3n. Tambi\u00e9n merecen ser defendidas, en s\u00ed mismas, y de su utilizaci\u00f3n pol\u00edtica las otras lenguas de Espa\u00f1a que, junto con el com\u00fan y universal espa\u00f1ol, son patrimonio de las diversas regiones espa\u00f1olas y del conjunto de la Naci\u00f3n.<br \/>\no Las reformas de nuestra Constituci\u00f3n son posibles, en diferentes sentidos, pero no son legales ni leg\u00edtimas sin respetar sus procedimientos de reforma. Una comunidad aut\u00f3noma no puede alterar de facto nuestra Constituci\u00f3n con al aprobaci\u00f3n de un Estatuto anticonstitucional por mucho que lo apruebe una mayor\u00eda en las Cortes. Los ciudadanos espa\u00f1oles tienen derecho a la celebraci\u00f3n de un plebiscito nacional cuando la modificaci\u00f3n de la Constituci\u00f3n Espa\u00f1ola esta en juego.<br \/>\n* La promoci\u00f3n y desarrollo de estudios e investigaciones sobre la historia de Espa\u00f1a, la lengua espa\u00f1ola y la realidad de la Naci\u00f3n Espa\u00f1ola.<br \/>\no El conocimiento de nuestra Historia, es fundamental para comprender la realidad nacional de la Espa\u00f1a de hoy, y para que esa realidad pueda ser preservada, fortalecida y mejorada en el futuro.\u00bb<\/p><\/blockquote>\n<p>S\u00f3lo se me ocurre contestarles con una de mis frases favoritas de Ambrose Bierce cuando defin\u00eda el patrotismo como esa <strong>\u00abbasura combustible dispuesta a arder para iluminar el nombre de cualquier ambicioso\u00bb.<\/strong> No se a qu\u00e9 me recuerda&#8230;<br \/>\nCon esto del \u00abcultivo del patrotismo\u00bb no dejo de imaginarme a legiones de abnegados campesinos plantando flores rojas y gualdas como adorno de todos los campos mientras cantan <a href=\"http:\/\/www.rumbos.net\/cancionero\/ant_001.htm\" target=\"_blank\">esa alegre canci\u00f3n<\/a> mirando al sol del amanecer&#8230;.<\/p>\n","protected":false},"excerpt":{"rendered":"<p>Navegando de enlace en enlace me encuentro con la Fundaci\u00f3n para la Defensa de la Naci\u00f3n Espa\u00f1ola. Fundaci\u00f3n patr\u00f3tica que expone unos interesant\u00edsimos y harto novedosos objetivos. \u00abLa Fundaci\u00f3n para la Defensa de la Naci\u00f3n Espa\u00f1ola surge con el \u00e1nimo de aunar voluntades, liderar la sociedad civil en defensa de la Naci\u00f3n Espa\u00f1ola y con&hellip;&nbsp;<a href=\"https:\/\/junjan.org\/wordpress\/2006\/03\/patriotismo_a_gogo\/\" rel=\"bookmark\">Leer m\u00e1s &raquo;<span class=\"screen-reader-text\">Patriotismo a go-go<\/span><\/a><\/p>\n","protected":false},"author":1,"featured_media":0,"comment_status":"open","ping_status":"open","sticky":false,"template":"","format":"standard","meta":{"neve_meta_sidebar":"","neve_meta_container":"","neve_meta_enable_content_width":"","neve_meta_content_width":0,"neve_meta_title_alignment":"","neve_meta_author_avatar":"","neve_post_elements_order":"","neve_meta_disable_header":"","neve_meta_disable_footer":"","neve_meta_disable_title":"","footnotes":""},"categories":[81],"tags":[197],"class_list":["post-765","post","type-post","status-publish","format-standard","hentry","category-revista-de-prensa","tag-patriotismo-petrioterismo-patriota"],"_links":{"self":[{"href":"https:\/\/junjan.org\/wordpress\/wp-json\/wp\/v2\/posts\/765","targetHints":{"allow":["GET"]}}],"collection":[{"href":"https:\/\/junjan.org\/wordpress\/wp-json\/wp\/v2\/posts"}],"about":[{"href":"https:\/\/junjan.org\/wordpress\/wp-json\/wp\/v2\/types\/post"}],"author":[{"embeddable":true,"href":"https:\/\/junjan.org\/wordpress\/wp-json\/wp\/v2\/users\/1"}],"replies":[{"embeddable":true,"href":"https:\/\/junjan.org\/wordpress\/wp-json\/wp\/v2\/comments?post=765"}],"version-history":[{"count":2,"href":"https:\/\/junjan.org\/wordpress\/wp-json\/wp\/v2\/posts\/765\/revisions"}],"predecessor-version":[{"id":2034,"href":"https:\/\/junjan.org\/wordpress\/wp-json\/wp\/v2\/posts\/765\/revisions\/2034"}],"wp:attachment":[{"href":"https:\/\/junjan.org\/wordpress\/wp-json\/wp\/v2\/media?parent=765"}],"wp:term":[{"taxonomy":"category","embeddable":true,"href":"https:\/\/junjan.org\/wordpress\/wp-json\/wp\/v2\/categories?post=765"},{"taxonomy":"post_tag","embeddable":true,"href":"https:\/\/junjan.org\/wordpress\/wp-json\/wp\/v2\/tags?post=765"}],"curies":[{"name":"wp","href":"https:\/\/api.w.org\/{rel}","templated":true}]}}