{"id":768,"date":"2006-03-30T00:27:36","date_gmt":"2006-03-30T00:27:36","guid":{"rendered":"http:\/\/junjan.org\/wordpress\/?p=768"},"modified":"2006-03-30T00:27:36","modified_gmt":"2006-03-30T00:27:36","slug":"espaa_maana_1","status":"publish","type":"post","link":"https:\/\/junjan.org\/wordpress\/2006\/03\/espaa_maana_1\/","title":{"rendered":"Espa\u00f1a, ma\u00f1ana&#8230;"},"content":{"rendered":"<p>&#8230; ser\u00e1 republicana.<br \/>\n<embed style=\"width:400px; height:326px;\" id=\"VideoPlayback\" align=\"middle\" type=\"application\/x-shockwave-flash\" src=\"http:\/\/video.google.com\/googleplayer.swf?videoUrl=http%3A%2F%2Fvp.video.google.com%2Fvideodownload%3Fversion%3D0%26secureurl%3DngAAACSdM9ZpZ6I3u-WYFCsO4AReeFkY_6WBpxIzlRRB-4YeSX6N4OJ0alpuglmm_zeBGYV_tMOs0vLjTOgLBaFokl2YaqESyrpL6warHL8SxehTMeBOrckN-JQPFsBrKMf0x8bmDUsGdwPT-SyDaOdky8eGiY9XEx_Yhg3-VOpP5FdkDNXOWTi_qDJ45QeIaOvH6gQjmpHjEqPzc6KMObBUotQ%26sigh%3DkyuzbAKA5sCzZ1sQHt_ZdXgxfe0%26begin%3D0%26len%3D23622%26docid%3D-7329793611237271079&#038;thumbnailUrl=http%3A%2F%2Fvideo.google.com%2FThumbnailServer%3Fcontentid%3D7aa5882fbbdda362%26second%3D5%26itag%3Dw320%26urlcreated%3D1143739844%26sigh%3DV5j3gW4nuIZ_SS5viG7Kg9J-NNg&#038;playerId=-7329793611237271079\" allowScriptAccess=\"sameDomain\" quality=\"best\" bgcolor=\"#ffffff\" scale=\"noScale\" wmode=\"window\" salign=\"TL\"  FlashVars=\"playerMode=embedded\"> <\/embed><br \/>\nVideo del momento de la visita de los reyes a Francia donde un desaforado ciudadano \u2014protegido por la leyes de la rep\u00fablica francesa\u2014 se atreve hacer notar a sus majestades que: <em>\u00ab\u00a1Espa\u00f1a ma\u00f1ana ser\u00e1 republicana!\u00bb<\/em>.<\/p>\n","protected":false},"excerpt":{"rendered":"<p>&#8230; ser\u00e1 republicana. Video del momento de la visita de los reyes a Francia donde un desaforado ciudadano \u2014protegido por la leyes de la rep\u00fablica francesa\u2014 se atreve hacer notar a sus majestades que: \u00ab\u00a1Espa\u00f1a ma\u00f1ana ser\u00e1 republicana!\u00bb.<\/p>\n","protected":false},"author":1,"featured_media":0,"comment_status":"open","ping_status":"open","sticky":false,"template":"","format":"standard","meta":{"neve_meta_sidebar":"","neve_meta_container":"","neve_meta_enable_content_width":"","neve_meta_content_width":0,"neve_meta_title_alignment":"","neve_meta_author_avatar":"","neve_post_elements_order":"","neve_meta_disable_header":"","neve_meta_disable_footer":"","neve_meta_disable_title":"","footnotes":""},"categories":[81],"tags":[200],"class_list":["post-768","post","type-post","status-publish","format-standard","hentry","category-revista-de-prensa","tag-monarquia-reyes-toulouse-visita-francia"],"_links":{"self":[{"href":"https:\/\/junjan.org\/wordpress\/wp-json\/wp\/v2\/posts\/768","targetHints":{"allow":["GET"]}}],"collection":[{"href":"https:\/\/junjan.org\/wordpress\/wp-json\/wp\/v2\/posts"}],"about":[{"href":"https:\/\/junjan.org\/wordpress\/wp-json\/wp\/v2\/types\/post"}],"author":[{"embeddable":true,"href":"https:\/\/junjan.org\/wordpress\/wp-json\/wp\/v2\/users\/1"}],"replies":[{"embeddable":true,"href":"https:\/\/junjan.org\/wordpress\/wp-json\/wp\/v2\/comments?post=768"}],"version-history":[{"count":0,"href":"https:\/\/junjan.org\/wordpress\/wp-json\/wp\/v2\/posts\/768\/revisions"}],"wp:attachment":[{"href":"https:\/\/junjan.org\/wordpress\/wp-json\/wp\/v2\/media?parent=768"}],"wp:term":[{"taxonomy":"category","embeddable":true,"href":"https:\/\/junjan.org\/wordpress\/wp-json\/wp\/v2\/categories?post=768"},{"taxonomy":"post_tag","embeddable":true,"href":"https:\/\/junjan.org\/wordpress\/wp-json\/wp\/v2\/tags?post=768"}],"curies":[{"name":"wp","href":"https:\/\/api.w.org\/{rel}","templated":true}]}}